{"id":9992,"date":"2024-05-20T10:52:15","date_gmt":"2024-05-20T04:52:15","guid":{"rendered":"https:\/\/inap.gob.gt\/web\/gobiernos-locales-2\/"},"modified":"2024-06-03T23:08:38","modified_gmt":"2024-06-03T17:08:38","slug":"gobiernos-locales-2","status":"publish","type":"post","link":"https:\/\/inap.gob.gt\/web\/gobiernos-locales-2\/","title":{"rendered":"INAP RECIBE VISITAS DE AUTORIDADES DEL ILPES"},"content":{"rendered":"\t\t<div data-elementor-type=\"wp-post\" data-elementor-id=\"9992\" class=\"elementor elementor-9992\" data-elementor-post-type=\"post\">\n\t\t\t\t\t\t<section class=\"elementor-section elementor-top-section elementor-element elementor-element-896fbd1 elementor-section-full_width elementor-section-height-default elementor-section-height-default wpr-particle-no wpr-jarallax-no wpr-parallax-no wpr-sticky-section-no wpr-column-slider-no wpr-equal-height-no\" data-id=\"896fbd1\" data-element_type=\"section\" data-e-type=\"section\">\n\t\t\t\t\t\t<div class=\"elementor-container elementor-column-gap-no\">\n\t\t\t\t\t<div class=\"elementor-column elementor-col-100 elementor-top-column elementor-element elementor-element-49e277c\" data-id=\"49e277c\" data-element_type=\"column\" data-e-type=\"column\">\n\t\t\t<div class=\"elementor-widget-wrap elementor-element-populated\">\n\t\t\t\t\t\t<div class=\"elementor-element elementor-element-3903abd elementor-widget__width-initial elementor-widget elementor-widget-image\" data-id=\"3903abd\" data-element_type=\"widget\" data-e-type=\"widget\" data-widget_type=\"image.default\">\n\t\t\t\t<div class=\"elementor-widget-container\">\n\t\t\t\t\t\t\t\t\t\t\t\t\t\t\t<img fetchpriority=\"high\" decoding=\"async\" width=\"2450\" height=\"500\" src=\"https:\/\/inap.gob.gt\/web\/wp-content\/uploads\/2024\/05\/07-1.png\" class=\"attachment-full size-full wp-image-9994\" alt=\"\" srcset=\"https:\/\/inap.gob.gt\/web\/wp-content\/uploads\/2024\/05\/07-1.png 2450w, https:\/\/inap.gob.gt\/web\/wp-content\/uploads\/2024\/05\/07-1-300x61.png 300w, https:\/\/inap.gob.gt\/web\/wp-content\/uploads\/2024\/05\/07-1-1024x209.png 1024w, https:\/\/inap.gob.gt\/web\/wp-content\/uploads\/2024\/05\/07-1-768x157.png 768w, https:\/\/inap.gob.gt\/web\/wp-content\/uploads\/2024\/05\/07-1-1536x313.png 1536w, https:\/\/inap.gob.gt\/web\/wp-content\/uploads\/2024\/05\/07-1-2048x418.png 2048w\" sizes=\"(max-width: 2450px) 100vw, 2450px\" \/>\t\t\t\t\t\t\t\t\t\t\t\t\t\t\t<\/div>\n\t\t\t\t<\/div>\n\t\t\t\t\t<\/div>\n\t\t<\/div>\n\t\t\t\t\t<\/div>\n\t\t<\/section>\n\t\t\t\t<section class=\"elementor-section elementor-top-section elementor-element elementor-element-6659dbc elementor-section-boxed elementor-section-height-default elementor-section-height-default wpr-particle-no wpr-jarallax-no wpr-parallax-no wpr-sticky-section-no wpr-column-slider-no wpr-equal-height-no\" data-id=\"6659dbc\" data-element_type=\"section\" data-e-type=\"section\">\n\t\t\t\t\t\t<div class=\"elementor-container elementor-column-gap-default\">\n\t\t\t\t\t<div class=\"elementor-column elementor-col-66 elementor-top-column elementor-element elementor-element-f924559\" data-id=\"f924559\" data-element_type=\"column\" data-e-type=\"column\">\n\t\t\t<div class=\"elementor-widget-wrap elementor-element-populated\">\n\t\t\t\t\t\t<div class=\"elementor-element elementor-element-b54749c elementor-widget__width-initial elementor-widget elementor-widget-text-editor\" data-id=\"b54749c\" data-element_type=\"widget\" data-e-type=\"widget\" data-widget_type=\"text-editor.default\">\n\t\t\t\t<div class=\"elementor-widget-container\">\n\t\t\t\t\t\t\t\t\t<p>Con el objetivo de generar sinergia para impulsar propuestas de fortalecimiento que beneficien la institucionalidad p\u00fablica de Guatemala, autoridades y miembros de la Junta Directiva del Instituto Nacional de Administraci\u00f3n P\u00fablica -INAP-, se reunieron con Cielo Morales, directora del Instituto Latinoamericano y Caribe\u00f1o de Planificaci\u00f3n Econ\u00f3mica y Social (ILPES) organismos de la CEPAL y Elena D\u00edez Pinto, jefa del \u00e1rea de Planificaci\u00f3n, Prospectiva y Desarrollo Territorial del ILPES.<\/p><p>\u00a0<\/p><p>\u00a0<\/p><p>Este acercamiento con el organismo latinoamericano, cuya funci\u00f3n es apoyar a los gobiernos en el dise\u00f1o y perfeccionamiento de estructuras institucionales con visi\u00f3n de largo plazo, se da en el marco del fortalecimiento de alianzas estrat\u00e9gicas de formaci\u00f3n de los funcionarios p\u00fablicos, cuya finalidad es incrementar la capacidad de las instituciones y dependencias para que sean eficientes y eficaces en la prestaci\u00f3n de servicios.<\/p><p>\u00a0<\/p>\t\t\t\t\t\t\t\t<\/div>\n\t\t\t\t<\/div>\n\t\t\t\t<div class=\"elementor-element elementor-element-6c31898 elementor-widget elementor-widget-html\" data-id=\"6c31898\" data-element_type=\"widget\" data-e-type=\"widget\" data-widget_type=\"html.default\">\n\t\t\t\t<div class=\"elementor-widget-container\">\n\t\t\t\t\t<a data-flickr-embed=\"true\" href=\"https:\/\/www.flickr.com\/photos\/139160779@N05\/albums\/72177720317431432\" title=\"Reuni\u00f3n ILPES INAP\"><img decoding=\"async\" src=\"https:\/\/live.staticflickr.com\/65535\/53757742619_35f5bf320f_z.jpg\" width=\"640\" height=\"480\" alt=\"Reuni\u00f3n ILPES INAP\"\/><\/a><script async src=\"\/\/embedr.flickr.com\/assets\/client-code.js\" charset=\"utf-8\"><\/script>\t\t\t\t<\/div>\n\t\t\t\t<\/div>\n\t\t\t\t\t<\/div>\n\t\t<\/div>\n\t\t\t\t<div class=\"elementor-column elementor-col-33 elementor-top-column elementor-element elementor-element-3b0a0f8\" data-id=\"3b0a0f8\" data-element_type=\"column\" data-e-type=\"column\">\n\t\t\t<div class=\"elementor-widget-wrap elementor-element-populated\">\n\t\t\t\t\t\t<div class=\"elementor-element elementor-element-eeffc8c elementor-widget__width-initial elementor-widget elementor-widget-sidebar\" data-id=\"eeffc8c\" data-element_type=\"widget\" data-e-type=\"widget\" data-widget_type=\"sidebar.default\">\n\t\t\t\t<div class=\"elementor-widget-container\">\n\t\t\t\t\t<section id=\"block-7\" class=\"widget widget_block widget_text\"><div class=\"zita-widget-content\">\n<p class=\"wp-block-paragraph\"><\/p>\n<\/div><\/section><section id=\"block-9\" class=\"widget widget_block\"><div class=\"zita-widget-content\">\n<div class=\"wp-block-ultimate-post-post-grid-parent ultp-post-grid-parent\" data-postid=\"\" data-grids=\"[{&quot;blockId&quot;:&quot;5806cf&quot;,&quot;name&quot;:&quot;ultimate-post_post-grid-2&quot;}]\" data-pagi=\"[]\"><div  class=\"ultp-post-grid-block wp-block-ultimate-post-post-grid-2 ultp-block-5806cf \"><div class=\"ultp-block-wrapper\" ><div class=\"ultp-loading\"><div class=\"ultp-loading-blocks\" style=\"width:100%;height:100%;\"><div style=\"left: 0;top: 0;animation-delay:0s;\"><\/div><div style=\"left: 21px;top: 0;animation-delay:0.125s;\"><\/div><div style=\"left: 42px;top: 0;animation-delay:0.25s;\"><\/div><div style=\"left: 0;top: 21px;animation-delay:0.875s;\"><\/div><div style=\"left: 42px;top: 21px;animation-delay:0.375s;\"><\/div><div style=\"left: 0;top: 42px;animation-delay:0.75s;\"><\/div><div style=\"left: 42px;top: 42px;animation-delay:0.625s;\"><\/div><div style=\"left: 21px;top: 42px;animation-delay:0.5s;\"><\/div><\/div><\/div><div class=\"ultp-block-items-wrap ultp-block-row\"><section class=\"ultp-block-item post-id-15838\"><div class=\"ultp-block-content-wrap ultp-block-content-overlay\"><div class=\"ultp-block-image ultp-block-image-none\"><a href=\"https:\/\/inap.gob.gt\/web\/inap-promueve-una-gestion-publica-basada-en-evidencia\/\" ><img decoding=\"async\"  alt=\"INAP promueve una gesti\u00f3n p\u00fablica basada en evidencia\"  src=\"https:\/\/inap.gob.gt\/web\/wp-content\/uploads\/2026\/07\/BANNER-MINI-INAUGURACION-DIPLO-SEG-Y-EV.jpg\" \/><\/a><\/div><div class=\"ultp-block-content ultp-block-content-bottomPosition\"><div class=\"ultp-block-content-inner\"><div class=\"ultp-block-readmore\"><a aria-label=\"INAP promueve una gesti\u00f3n p\u00fablica basada en evidencia\" href=\"https:\/\/inap.gob.gt\/web\/inap-promueve-una-gestion-publica-basada-en-evidencia\/\" >Leer m\u00e1s<svg xmlns=\"http:\/\/www.w3.org\/2000\/svg\" fill=\"none\" viewBox=\"0 0 24 24\">\n  <path stroke=\"currentColor\" stroke-linecap=\"round\" stroke-linejoin=\"round\" stroke-width=\"1.5\" d=\"m12 20.5 8.5-8.5m0 0L12 3.5m8.5 8.5h-17\"\/>\n<\/svg>\n<\/a><\/div><\/div><\/div><\/div><\/section><section class=\"ultp-block-item post-id-15922\"><div class=\"ultp-block-content-wrap ultp-block-content-overlay\"><div class=\"ultp-block-image ultp-block-image-none\"><a href=\"https:\/\/inap.gob.gt\/web\/taller-promueve-el-uso-de-indicadores-en-la-gestion-municipal\/\" ><img decoding=\"async\"  alt=\"Taller promueve el uso de indicadores en la gesti\u00f3n municipal\"  src=\"https:\/\/inap.gob.gt\/web\/wp-content\/uploads\/2026\/08\/NOTICIA-PEQUEN\u0303A-FRAY.png\" \/><\/a><\/div><div class=\"ultp-block-content ultp-block-content-bottomPosition\"><div class=\"ultp-block-content-inner\"><div class=\"ultp-block-readmore\"><a aria-label=\"Taller promueve el uso de indicadores en la gesti\u00f3n municipal\" href=\"https:\/\/inap.gob.gt\/web\/taller-promueve-el-uso-de-indicadores-en-la-gestion-municipal\/\" >Leer m\u00e1s<svg xmlns=\"http:\/\/www.w3.org\/2000\/svg\" fill=\"none\" viewBox=\"0 0 24 24\">\n  <path stroke=\"currentColor\" stroke-linecap=\"round\" stroke-linejoin=\"round\" stroke-width=\"1.5\" d=\"m12 20.5 8.5-8.5m0 0L12 3.5m8.5 8.5h-17\"\/>\n<\/svg>\n<\/a><\/div><\/div><\/div><\/div><\/section><section class=\"ultp-block-item post-id-15828\"><div class=\"ultp-block-content-wrap ultp-block-content-overlay\"><div class=\"ultp-block-image ultp-block-image-none\"><a href=\"https:\/\/inap.gob.gt\/web\/estrategia-digital-del-inap-amplia-alcance-de-formacion-y-oportunidades-laborales\/\" ><img decoding=\"async\"  alt=\"Estrategia digital del INAP ampl\u00eda alcance de formaci\u00f3n y oportunidades laborales\"  src=\"https:\/\/inap.gob.gt\/web\/wp-content\/uploads\/2026\/07\/BANNER-MINI-ESTRATEGIA-DIGITAL.jpg\" \/><\/a><\/div><div class=\"ultp-block-content ultp-block-content-bottomPosition\"><div class=\"ultp-block-content-inner\"><div class=\"ultp-block-readmore\"><a aria-label=\"Estrategia digital del INAP ampl\u00eda alcance de formaci\u00f3n y oportunidades laborales\" href=\"https:\/\/inap.gob.gt\/web\/estrategia-digital-del-inap-amplia-alcance-de-formacion-y-oportunidades-laborales\/\" >Leer m\u00e1s<svg xmlns=\"http:\/\/www.w3.org\/2000\/svg\" fill=\"none\" viewBox=\"0 0 24 24\">\n  <path stroke=\"currentColor\" stroke-linecap=\"round\" stroke-linejoin=\"round\" stroke-width=\"1.5\" d=\"m12 20.5 8.5-8.5m0 0L12 3.5m8.5 8.5h-17\"\/>\n<\/svg>\n<\/a><\/div><\/div><\/div><\/div><\/section><\/div><\/div><div class=\"pagination-block-html\" aria-hidden=\"true\" style=\"display: none;\"><\/div><\/div><\/div>\n<\/div><\/section><section id=\"block-4\" class=\"widget widget_block\"><div class=\"zita-widget-content\">\n<div class=\"wp-block-group is-layout-flow wp-block-group-is-layout-flow\">\n<h2 class=\"wp-block-heading\">Comentarios recientes<\/h2>\n\n\n<div class=\"no-comments wp-block-latest-comments\">No hay comentarios que mostrar.<\/div><\/div>\n<\/div><\/section><section id=\"block-5\" class=\"widget widget_block\"><div class=\"zita-widget-content\">\n<div class=\"wp-block-group is-layout-flow wp-block-group-is-layout-flow\"><\/div>\n<\/div><\/section><section id=\"block-6\" class=\"widget widget_block\"><div class=\"zita-widget-content\">\n<div class=\"wp-block-group is-layout-flow wp-block-group-is-layout-flow\"><\/div>\n<\/div><\/section>\t\t\t\t<\/div>\n\t\t\t\t<\/div>\n\t\t\t\t\t<\/div>\n\t\t<\/div>\n\t\t\t\t\t<\/div>\n\t\t<\/section>\n\t\t\t\t<\/div>\n\t\t","protected":false},"excerpt":{"rendered":"<p>Con el objetivo de generar sinergia para impulsar propuestas de fortalecimiento que beneficien la institucionalidad p\u00fablica de Guatemala, autoridades y miembros de la Junta Directiva del Instituto Nacional de Administraci\u00f3n P\u00fablica -INAP-, se reunieron con Cielo Morales, directora del Instituto Latinoamericano y Caribe\u00f1o de Planificaci\u00f3n Econ\u00f3mica y Social (ILPES) organismos de la CEPAL y Elena D\u00edez Pinto, jefa del \u00e1rea de Planificaci\u00f3n, Prospectiva y Desarrollo Territorial del ILPES.\u00a0\u00a0Este acercamiento con el organismo latinoamericano, cuya funci\u00f3n es apoyar a los gobiernos en el dise\u00f1o y perfeccionamiento de estructuras institucionales con visi\u00f3n de largo plazo, se da en el marco del fortalecimiento de alianzas estrat\u00e9gicas de formaci\u00f3n de los funcionarios p\u00fablicos, cuya finalidad es incrementar la capacidad de las instituciones y dependencias para que sean eficientes y eficaces en la prestaci\u00f3n de servicios.\u00a0<\/p>\n","protected":false},"author":6,"featured_media":9993,"comment_status":"open","ping_status":"open","sticky":false,"template":"elementor_header_footer","format":"standard","meta":{"_view_id":"","_EventAllDay":false,"_EventTimezone":"","_EventStartDate":"","_EventEndDate":"","_EventStartDateUTC":"","_EventEndDateUTC":"","_EventShowMap":false,"_EventShowMapLink":false,"_EventURL":"","_EventCost":"","_EventCostDescription":"","_EventCurrencySymbol":"","_EventCurrencyCode":"","_EventCurrencyPosition":"","_EventDateTimeSeparator":"","_EventTimeRangeSeparator":"","_EventOrganizerID":[],"_EventVenueID":[],"_OrganizerEmail":"","_OrganizerPhone":"","_OrganizerWebsite":"","_VenueAddress":"","_VenueCity":"","_VenueCountry":"","_VenueProvince":"","_VenueState":"","_VenueZip":"","_VenuePhone":"","_VenueURL":"","_VenueStateProvince":"","_VenueLat":"","_VenueLng":"","_VenueShowMap":false,"_VenueShowMapLink":false,"footnotes":""},"categories":[23,22,5,20,24],"tags":[],"class_list":["post-9992","post","type-post","status-publish","format-standard","has-post-thumbnail","hentry","category-agosto-2","category-julio-2","category-noticias","category-principal","category-septiembre-2"],"aioseo_notices":[],"aioseo_head":"\n\t\t<!-- All in One SEO 5.0.1.1 - aioseo.com -->\n\t<meta name=\"description\" content=\"Con el objetivo de generar sinergia para impulsar propuestas de fortalecimiento que beneficien la institucionalidad p\u00fablica de Guatemala, autoridades y miembros de la Junta Directiva del Instituto Nacional de Administraci\u00f3n P\u00fablica -INAP-, se reunieron con Cielo Morales, directora del Instituto Latinoamericano y Caribe\u00f1o de Planificaci\u00f3n Econ\u00f3mica y Social (ILPES) organismos de la CEPAL y Elena\" \/>\n\t<meta name=\"robots\" content=\"max-image-preview:large\" \/>\n\t<meta name=\"author\" content=\"Javier Oliva\"\/>\n\t<link rel=\"canonical\" href=\"https:\/\/inap.gob.gt\/web\/gobiernos-locales-2\/\" \/>\n\t<meta name=\"generator\" content=\"All in One SEO (AIOSEO) 5.0.1.1\" \/>\n\t\t<meta property=\"og:locale\" content=\"es_ES\" \/>\n\t\t<meta property=\"og:site_name\" content=\"-\" \/>\n\t\t<meta property=\"og:type\" content=\"website\" \/>\n\t\t<meta property=\"og:title\" content=\"INAP RECIBE VISITAS DE AUTORIDADES DEL ILPES -\" \/>\n\t\t<meta property=\"og:description\" content=\"Con el objetivo de generar sinergia para impulsar propuestas de fortalecimiento que beneficien la institucionalidad p\u00fablica de Guatemala, autoridades y miembros de la Junta Directiva del Instituto Nacional de Administraci\u00f3n P\u00fablica -INAP-, se reunieron con Cielo Morales, directora del Instituto Latinoamericano y Caribe\u00f1o de Planificaci\u00f3n Econ\u00f3mica y Social (ILPES) organismos de la CEPAL y Elena\" \/>\n\t\t<meta property=\"og:url\" content=\"https:\/\/inap.gob.gt\/web\/gobiernos-locales-2\/\" \/>\n\t\t<meta property=\"og:image\" content=\"https:\/\/inap.gob.gt\/web\/wp-content\/uploads\/2024\/05\/07-MINI.png\" \/>\n\t\t<meta property=\"og:image:secure_url\" content=\"https:\/\/inap.gob.gt\/web\/wp-content\/uploads\/2024\/05\/07-MINI.png\" \/>\n\t\t<meta property=\"og:image:width\" content=\"620\" \/>\n\t\t<meta property=\"og:image:height\" content=\"420\" \/>\n\t\t<meta name=\"twitter:card\" content=\"summary_large_image\" \/>\n\t\t<meta name=\"twitter:site\" content=\"@INAPGuatemala\" \/>\n\t\t<meta name=\"twitter:title\" content=\"INAP RECIBE VISITAS DE AUTORIDADES DEL ILPES -\" \/>\n\t\t<meta name=\"twitter:description\" content=\"Con el objetivo de generar sinergia para impulsar propuestas de fortalecimiento que beneficien la institucionalidad p\u00fablica de Guatemala, autoridades y miembros de la Junta Directiva del Instituto Nacional de Administraci\u00f3n P\u00fablica -INAP-, se reunieron con Cielo Morales, directora del Instituto Latinoamericano y Caribe\u00f1o de Planificaci\u00f3n Econ\u00f3mica y Social (ILPES) organismos de la CEPAL y Elena\" \/>\n\t\t<meta name=\"twitter:creator\" content=\"@INAPGuatemala\" \/>\n\t\t<meta name=\"twitter:image\" content=\"https:\/\/inap.gob.gt\/web\/wp-content\/uploads\/2024\/05\/07-MINI.png\" \/>\n\t\t<script type=\"application\/ld+json\" class=\"aioseo-schema\">\n\t\t\t{\"@context\":\"https:\\\/\\\/schema.org\",\"@graph\":[{\"@type\":\"BlogPosting\",\"@id\":\"https:\\\/\\\/inap.gob.gt\\\/web\\\/gobiernos-locales-2\\\/#blogposting\",\"name\":\"INAP RECIBE VISITAS DE AUTORIDADES DEL ILPES -\",\"headline\":\"INAP RECIBE VISITAS DE AUTORIDADES DEL ILPES\",\"author\":{\"@id\":\"https:\\\/\\\/inap.gob.gt\\\/web\\\/author\\\/jainap\\\/#author\"},\"publisher\":{\"@id\":\"https:\\\/\\\/inap.gob.gt\\\/web\\\/#organization\"},\"image\":{\"@type\":\"ImageObject\",\"url\":\"https:\\\/\\\/inap.gob.gt\\\/web\\\/wp-content\\\/uploads\\\/2024\\\/05\\\/07-MINI.png\",\"width\":620,\"height\":420},\"datePublished\":\"2024-05-20T10:52:15-06:00\",\"dateModified\":\"2024-06-03T23:08:38-06:00\",\"inLanguage\":\"es-ES\",\"mainEntityOfPage\":{\"@id\":\"https:\\\/\\\/inap.gob.gt\\\/web\\\/gobiernos-locales-2\\\/#webpage\"},\"isPartOf\":{\"@id\":\"https:\\\/\\\/inap.gob.gt\\\/web\\\/gobiernos-locales-2\\\/#webpage\"},\"articleSection\":\"Agosto, Julio, Noticias, Principal, septiembre\"},{\"@type\":\"BreadcrumbList\",\"@id\":\"https:\\\/\\\/inap.gob.gt\\\/web\\\/gobiernos-locales-2\\\/#breadcrumblist\",\"itemListElement\":[{\"@type\":\"ListItem\",\"@id\":\"https:\\\/\\\/inap.gob.gt\\\/web#listItem\",\"position\":1,\"name\":\"Inicio\",\"item\":\"https:\\\/\\\/inap.gob.gt\\\/web\",\"nextItem\":{\"@type\":\"ListItem\",\"@id\":\"https:\\\/\\\/inap.gob.gt\\\/web\\\/category\\\/noticias\\\/#listItem\",\"name\":\"Noticias\"}},{\"@type\":\"ListItem\",\"@id\":\"https:\\\/\\\/inap.gob.gt\\\/web\\\/category\\\/noticias\\\/#listItem\",\"position\":2,\"name\":\"Noticias\",\"item\":\"https:\\\/\\\/inap.gob.gt\\\/web\\\/category\\\/noticias\\\/\",\"nextItem\":{\"@type\":\"ListItem\",\"@id\":\"https:\\\/\\\/inap.gob.gt\\\/web\\\/gobiernos-locales-2\\\/#listItem\",\"name\":\"INAP RECIBE VISITAS DE AUTORIDADES DEL ILPES\"},\"previousItem\":{\"@type\":\"ListItem\",\"@id\":\"https:\\\/\\\/inap.gob.gt\\\/web#listItem\",\"name\":\"Inicio\"}},{\"@type\":\"ListItem\",\"@id\":\"https:\\\/\\\/inap.gob.gt\\\/web\\\/gobiernos-locales-2\\\/#listItem\",\"position\":3,\"name\":\"INAP RECIBE VISITAS DE AUTORIDADES DEL ILPES\",\"previousItem\":{\"@type\":\"ListItem\",\"@id\":\"https:\\\/\\\/inap.gob.gt\\\/web\\\/category\\\/noticias\\\/#listItem\",\"name\":\"Noticias\"}}]},{\"@type\":\"Organization\",\"@id\":\"https:\\\/\\\/inap.gob.gt\\\/web\\\/#organization\",\"url\":\"https:\\\/\\\/inap.gob.gt\\\/web\\\/\",\"logo\":{\"@type\":\"ImageObject\",\"url\":\"https:\\\/\\\/inap.gob.gt\\\/web\\\/wp-content\\\/uploads\\\/2021\\\/11\\\/cropped-logo-1.png\",\"@id\":\"https:\\\/\\\/inap.gob.gt\\\/web\\\/gobiernos-locales-2\\\/#organizationLogo\",\"width\":900,\"height\":225},\"image\":{\"@id\":\"https:\\\/\\\/inap.gob.gt\\\/web\\\/gobiernos-locales-2\\\/#organizationLogo\"},\"sameAs\":[\"https:\\\/\\\/www.facebook.com\\\/INAPGuatemalaCA\",\"https:\\\/\\\/twitter.com\\\/INAPGuatemala\",\"https:\\\/\\\/www.instagram.com\\\/inapgt\"]},{\"@type\":\"Person\",\"@id\":\"https:\\\/\\\/inap.gob.gt\\\/web\\\/author\\\/jainap\\\/#author\",\"url\":\"https:\\\/\\\/inap.gob.gt\\\/web\\\/author\\\/jainap\\\/\",\"name\":\"Javier Oliva\",\"image\":{\"@type\":\"ImageObject\",\"@id\":\"https:\\\/\\\/inap.gob.gt\\\/web\\\/gobiernos-locales-2\\\/#authorImage\",\"url\":\"https:\\\/\\\/secure.gravatar.com\\\/avatar\\\/47d531b1bfed0cb15211d4acbcc750ad17a298f95d26776ea38b74430f87e72a?s=96&d=mm&r=g\",\"width\":96,\"height\":96,\"caption\":\"Javier Oliva\"}},{\"@type\":\"WebPage\",\"@id\":\"https:\\\/\\\/inap.gob.gt\\\/web\\\/gobiernos-locales-2\\\/#webpage\",\"url\":\"https:\\\/\\\/inap.gob.gt\\\/web\\\/gobiernos-locales-2\\\/\",\"name\":\"INAP RECIBE VISITAS DE AUTORIDADES DEL ILPES -\",\"description\":\"Con el objetivo de generar sinergia para impulsar propuestas de fortalecimiento que beneficien la institucionalidad p\\u00fablica de Guatemala, autoridades y miembros de la Junta Directiva del Instituto Nacional de Administraci\\u00f3n P\\u00fablica -INAP-, se reunieron con Cielo Morales, directora del Instituto Latinoamericano y Caribe\\u00f1o de Planificaci\\u00f3n Econ\\u00f3mica y Social (ILPES) organismos de la CEPAL y Elena\",\"inLanguage\":\"es-ES\",\"isPartOf\":{\"@id\":\"https:\\\/\\\/inap.gob.gt\\\/web\\\/#website\"},\"breadcrumb\":{\"@id\":\"https:\\\/\\\/inap.gob.gt\\\/web\\\/gobiernos-locales-2\\\/#breadcrumblist\"},\"author\":{\"@id\":\"https:\\\/\\\/inap.gob.gt\\\/web\\\/author\\\/jainap\\\/#author\"},\"creator\":{\"@id\":\"https:\\\/\\\/inap.gob.gt\\\/web\\\/author\\\/jainap\\\/#author\"},\"image\":{\"@type\":\"ImageObject\",\"url\":\"https:\\\/\\\/inap.gob.gt\\\/web\\\/wp-content\\\/uploads\\\/2024\\\/05\\\/07-MINI.png\",\"@id\":\"https:\\\/\\\/inap.gob.gt\\\/web\\\/gobiernos-locales-2\\\/#mainImage\",\"width\":620,\"height\":420},\"primaryImageOfPage\":{\"@id\":\"https:\\\/\\\/inap.gob.gt\\\/web\\\/gobiernos-locales-2\\\/#mainImage\"},\"datePublished\":\"2024-05-20T10:52:15-06:00\",\"dateModified\":\"2024-06-03T23:08:38-06:00\"},{\"@type\":\"WebSite\",\"@id\":\"https:\\\/\\\/inap.gob.gt\\\/web\\\/#website\",\"url\":\"https:\\\/\\\/inap.gob.gt\\\/web\\\/\",\"inLanguage\":\"es-ES\",\"publisher\":{\"@id\":\"https:\\\/\\\/inap.gob.gt\\\/web\\\/#organization\"}}]}\n\t\t<\/script>\n\t\t<!-- All in One SEO -->\n\n","aioseo_head_json":{"title":"INAP RECIBE VISITAS DE AUTORIDADES DEL ILPES -","description":"Con el objetivo de generar sinergia para impulsar propuestas de fortalecimiento que beneficien la institucionalidad p\u00fablica de Guatemala, autoridades y miembros de la Junta Directiva del Instituto Nacional de Administraci\u00f3n P\u00fablica -INAP-, se reunieron con Cielo Morales, directora del Instituto Latinoamericano y Caribe\u00f1o de Planificaci\u00f3n Econ\u00f3mica y Social (ILPES) organismos de la CEPAL y Elena","canonical_url":"https:\/\/inap.gob.gt\/web\/gobiernos-locales-2\/","robots":"max-image-preview:large","keywords":"","webmasterTools":{"miscellaneous":""},"schema":{"@context":"https:\/\/schema.org","@graph":[{"@type":"BlogPosting","@id":"https:\/\/inap.gob.gt\/web\/gobiernos-locales-2\/#blogposting","name":"INAP RECIBE VISITAS DE AUTORIDADES DEL ILPES -","headline":"INAP RECIBE VISITAS DE AUTORIDADES DEL ILPES","author":{"@id":"https:\/\/inap.gob.gt\/web\/author\/jainap\/#author"},"publisher":{"@id":"https:\/\/inap.gob.gt\/web\/#organization"},"image":{"@type":"ImageObject","url":"https:\/\/inap.gob.gt\/web\/wp-content\/uploads\/2024\/05\/07-MINI.png","width":620,"height":420},"datePublished":"2024-05-20T10:52:15-06:00","dateModified":"2024-06-03T23:08:38-06:00","inLanguage":"es-ES","mainEntityOfPage":{"@id":"https:\/\/inap.gob.gt\/web\/gobiernos-locales-2\/#webpage"},"isPartOf":{"@id":"https:\/\/inap.gob.gt\/web\/gobiernos-locales-2\/#webpage"},"articleSection":"Agosto, Julio, Noticias, Principal, septiembre"},{"@type":"BreadcrumbList","@id":"https:\/\/inap.gob.gt\/web\/gobiernos-locales-2\/#breadcrumblist","itemListElement":[{"@type":"ListItem","@id":"https:\/\/inap.gob.gt\/web#listItem","position":1,"name":"Inicio","item":"https:\/\/inap.gob.gt\/web","nextItem":{"@type":"ListItem","@id":"https:\/\/inap.gob.gt\/web\/category\/noticias\/#listItem","name":"Noticias"}},{"@type":"ListItem","@id":"https:\/\/inap.gob.gt\/web\/category\/noticias\/#listItem","position":2,"name":"Noticias","item":"https:\/\/inap.gob.gt\/web\/category\/noticias\/","nextItem":{"@type":"ListItem","@id":"https:\/\/inap.gob.gt\/web\/gobiernos-locales-2\/#listItem","name":"INAP RECIBE VISITAS DE AUTORIDADES DEL ILPES"},"previousItem":{"@type":"ListItem","@id":"https:\/\/inap.gob.gt\/web#listItem","name":"Inicio"}},{"@type":"ListItem","@id":"https:\/\/inap.gob.gt\/web\/gobiernos-locales-2\/#listItem","position":3,"name":"INAP RECIBE VISITAS DE AUTORIDADES DEL ILPES","previousItem":{"@type":"ListItem","@id":"https:\/\/inap.gob.gt\/web\/category\/noticias\/#listItem","name":"Noticias"}}]},{"@type":"Organization","@id":"https:\/\/inap.gob.gt\/web\/#organization","url":"https:\/\/inap.gob.gt\/web\/","logo":{"@type":"ImageObject","url":"https:\/\/inap.gob.gt\/web\/wp-content\/uploads\/2021\/11\/cropped-logo-1.png","@id":"https:\/\/inap.gob.gt\/web\/gobiernos-locales-2\/#organizationLogo","width":900,"height":225},"image":{"@id":"https:\/\/inap.gob.gt\/web\/gobiernos-locales-2\/#organizationLogo"},"sameAs":["https:\/\/www.facebook.com\/INAPGuatemalaCA","https:\/\/twitter.com\/INAPGuatemala","https:\/\/www.instagram.com\/inapgt"]},{"@type":"Person","@id":"https:\/\/inap.gob.gt\/web\/author\/jainap\/#author","url":"https:\/\/inap.gob.gt\/web\/author\/jainap\/","name":"Javier Oliva","image":{"@type":"ImageObject","@id":"https:\/\/inap.gob.gt\/web\/gobiernos-locales-2\/#authorImage","url":"https:\/\/secure.gravatar.com\/avatar\/47d531b1bfed0cb15211d4acbcc750ad17a298f95d26776ea38b74430f87e72a?s=96&d=mm&r=g","width":96,"height":96,"caption":"Javier Oliva"}},{"@type":"WebPage","@id":"https:\/\/inap.gob.gt\/web\/gobiernos-locales-2\/#webpage","url":"https:\/\/inap.gob.gt\/web\/gobiernos-locales-2\/","name":"INAP RECIBE VISITAS DE AUTORIDADES DEL ILPES -","description":"Con el objetivo de generar sinergia para impulsar propuestas de fortalecimiento que beneficien la institucionalidad p\u00fablica de Guatemala, autoridades y miembros de la Junta Directiva del Instituto Nacional de Administraci\u00f3n P\u00fablica -INAP-, se reunieron con Cielo Morales, directora del Instituto Latinoamericano y Caribe\u00f1o de Planificaci\u00f3n Econ\u00f3mica y Social (ILPES) organismos de la CEPAL y Elena","inLanguage":"es-ES","isPartOf":{"@id":"https:\/\/inap.gob.gt\/web\/#website"},"breadcrumb":{"@id":"https:\/\/inap.gob.gt\/web\/gobiernos-locales-2\/#breadcrumblist"},"author":{"@id":"https:\/\/inap.gob.gt\/web\/author\/jainap\/#author"},"creator":{"@id":"https:\/\/inap.gob.gt\/web\/author\/jainap\/#author"},"image":{"@type":"ImageObject","url":"https:\/\/inap.gob.gt\/web\/wp-content\/uploads\/2024\/05\/07-MINI.png","@id":"https:\/\/inap.gob.gt\/web\/gobiernos-locales-2\/#mainImage","width":620,"height":420},"primaryImageOfPage":{"@id":"https:\/\/inap.gob.gt\/web\/gobiernos-locales-2\/#mainImage"},"datePublished":"2024-05-20T10:52:15-06:00","dateModified":"2024-06-03T23:08:38-06:00"},{"@type":"WebSite","@id":"https:\/\/inap.gob.gt\/web\/#website","url":"https:\/\/inap.gob.gt\/web\/","inLanguage":"es-ES","publisher":{"@id":"https:\/\/inap.gob.gt\/web\/#organization"}}]},"og:locale":"es_ES","og:site_name":"-","og:type":"website","og:title":"INAP RECIBE VISITAS DE AUTORIDADES DEL ILPES -","og:description":"Con el objetivo de generar sinergia para impulsar propuestas de fortalecimiento que beneficien la institucionalidad p\u00fablica de Guatemala, autoridades y miembros de la Junta Directiva del Instituto Nacional de Administraci\u00f3n P\u00fablica -INAP-, se reunieron con Cielo Morales, directora del Instituto Latinoamericano y Caribe\u00f1o de Planificaci\u00f3n Econ\u00f3mica y Social (ILPES) organismos de la CEPAL y Elena","og:url":"https:\/\/inap.gob.gt\/web\/gobiernos-locales-2\/","og:image":"https:\/\/inap.gob.gt\/web\/wp-content\/uploads\/2024\/05\/07-MINI.png","og:image:secure_url":"https:\/\/inap.gob.gt\/web\/wp-content\/uploads\/2024\/05\/07-MINI.png","og:image:width":"620","og:image:height":"420","twitter:card":"summary_large_image","twitter:site":"@INAPGuatemala","twitter:title":"INAP RECIBE VISITAS DE AUTORIDADES DEL ILPES -","twitter:description":"Con el objetivo de generar sinergia para impulsar propuestas de fortalecimiento que beneficien la institucionalidad p\u00fablica de Guatemala, autoridades y miembros de la Junta Directiva del Instituto Nacional de Administraci\u00f3n P\u00fablica -INAP-, se reunieron con Cielo Morales, directora del Instituto Latinoamericano y Caribe\u00f1o de Planificaci\u00f3n Econ\u00f3mica y Social (ILPES) organismos de la CEPAL y Elena","twitter:creator":"@INAPGuatemala","twitter:image":"https:\/\/inap.gob.gt\/web\/wp-content\/uploads\/2024\/05\/07-MINI.png"},"aioseo_meta_data":{"post_id":"9992","title":null,"description":null,"keywords":null,"keyphrases":{"focus":{"keyphrase":"","score":0,"analysis":{"keyphraseInTitle":{"score":0,"maxScore":9,"error":1}}},"additional":[]},"primary_term":null,"canonical_url":null,"og_title":null,"og_description":null,"og_object_type":"default","og_image_type":"featured","og_image_url":"https:\/\/inap.gob.gt\/web\/wp-content\/uploads\/2024\/05\/07-MINI.png","og_image_width":"620","og_image_height":"420","og_image_custom_url":null,"og_image_custom_fields":null,"og_video":"","og_custom_url":null,"og_article_section":null,"og_article_tags":null,"twitter_use_og":false,"twitter_card":"default","twitter_image_type":"featured","twitter_image_url":"https:\/\/inap.gob.gt\/web\/wp-content\/uploads\/2024\/05\/07-MINI.png","twitter_image_custom_url":null,"twitter_image_custom_fields":null,"twitter_title":null,"twitter_description":null,"schema":{"blockGraphs":[],"customGraphs":[],"default":{"data":{"Article":[],"Course":[],"Dataset":[],"FAQPage":[],"Movie":[],"Person":[],"Product":[],"ProductReview":[],"Car":[],"Recipe":[],"Service":[],"SoftwareApplication":[],"WebPage":[]},"graphName":"BlogPosting","isEnabled":true},"graphs":[],"defaultGraph":"Article","defaultPostTypeGraph":""},"schema_type":"default","schema_type_options":"{\"article\":{\"articleType\":\"BlogPosting\"},\"course\":{\"name\":\"\",\"description\":\"\",\"provider\":\"\"},\"faq\":{\"pages\":[]},\"product\":{\"reviews\":[]},\"recipe\":{\"ingredients\":[],\"instructions\":[],\"keywords\":[]},\"software\":{\"reviews\":[],\"operatingSystems\":[]},\"webPage\":{\"webPageType\":\"WebPage\"},\"blockGraphs\":[]}","pillar_content":false,"robots_default":true,"robots_noindex":false,"robots_noarchive":false,"robots_nosnippet":false,"robots_nofollow":false,"robots_noimageindex":false,"robots_noodp":false,"robots_notranslate":false,"robots_max_snippet":"-1","robots_max_videopreview":"-1","robots_max_imagepreview":"large","priority":null,"frequency":"default","local_seo":null,"breadcrumb_settings":null,"limit_modified_date":false,"ai":null,"created":"2024-06-03 17:03:00","updated":"2025-06-10 03:27:39","seo_analyzer_scan_date":null,"focus_keyword":null,"additional_keywords":null,"truseo_locale":null},"aioseo_breadcrumb":"<div class=\"aioseo-breadcrumbs\"><span class=\"aioseo-breadcrumb\">\n\t\t\t<a href=\"https:\/\/inap.gob.gt\/web\" title=\"Inicio\">Inicio<\/a>\n\t\t<\/span><span class=\"aioseo-breadcrumb-separator\">&raquo;<\/span><span class=\"aioseo-breadcrumb\">\n\t\t\t<a href=\"https:\/\/inap.gob.gt\/web\/category\/noticias\/\" title=\"Noticias\">Noticias<\/a>\n\t\t<\/span><span class=\"aioseo-breadcrumb-separator\">&raquo;<\/span><span class=\"aioseo-breadcrumb\">\n\t\t\tINAP RECIBE VISITAS DE AUTORIDADES DEL ILPES\n\t\t<\/span><\/div>","aioseo_breadcrumb_json":[{"label":"Inicio","link":"https:\/\/inap.gob.gt\/web"},{"label":"Noticias","link":"https:\/\/inap.gob.gt\/web\/category\/noticias\/"},{"label":"INAP RECIBE VISITAS DE AUTORIDADES DEL ILPES","link":"https:\/\/inap.gob.gt\/web\/gobiernos-locales-2\/"}],"rise-blocks_total_comments":0,"rise-blocks_categories":[{"term_id":23,"name":"Agosto","slug":"agosto-2","term_group":0,"term_taxonomy_id":23,"taxonomy":"category","description":"","parent":0,"count":32,"filter":"raw","cat_ID":23,"category_count":32,"category_description":"","cat_name":"Agosto","category_nicename":"agosto-2","category_parent":0},{"term_id":22,"name":"Julio","slug":"julio-2","term_group":0,"term_taxonomy_id":22,"taxonomy":"category","description":"","parent":0,"count":32,"filter":"raw","cat_ID":22,"category_count":32,"category_description":"","cat_name":"Julio","category_nicename":"julio-2","category_parent":0},{"term_id":5,"name":"Noticias","slug":"noticias","term_group":0,"term_taxonomy_id":5,"taxonomy":"category","description":"","parent":0,"count":74,"filter":"raw","cat_ID":5,"category_count":74,"category_description":"","cat_name":"Noticias","category_nicename":"noticias","category_parent":0},{"term_id":20,"name":"Principal","slug":"principal","term_group":0,"term_taxonomy_id":20,"taxonomy":"category","description":"","parent":0,"count":74,"filter":"raw","cat_ID":20,"category_count":74,"category_description":"","cat_name":"Principal","category_nicename":"principal","category_parent":0},{"term_id":24,"name":"septiembre","slug":"septiembre-2","term_group":0,"term_taxonomy_id":24,"taxonomy":"category","description":"","parent":0,"count":23,"filter":"raw","cat_ID":24,"category_count":23,"category_description":"","cat_name":"septiembre","category_nicename":"septiembre-2","category_parent":0}],"rise-blocks_excerpt":"Con el objetivo de generar sinergia para impulsar propuestas de fortalecimiento que beneficien la institucionalidad p\u00fablica de Guatemala, autoridades y miembros de la Junta Directiva del Instituto Nacional de Administraci\u00f3n P\u00fablica -INAP-, se reunieron con Cielo Morales, directora del Instituto Latinoamericano y Caribe\u00f1o de Planificaci\u00f3n Econ\u00f3mica y Social (ILPES) organismos de la CEPAL y Elena D\u00edez Pinto, jefa del \u00e1rea..","views":2319,"_links":{"self":[{"href":"https:\/\/inap.gob.gt\/web\/wp-json\/wp\/v2\/posts\/9992","targetHints":{"allow":["GET"]}}],"collection":[{"href":"https:\/\/inap.gob.gt\/web\/wp-json\/wp\/v2\/posts"}],"about":[{"href":"https:\/\/inap.gob.gt\/web\/wp-json\/wp\/v2\/types\/post"}],"author":[{"embeddable":true,"href":"https:\/\/inap.gob.gt\/web\/wp-json\/wp\/v2\/users\/6"}],"replies":[{"embeddable":true,"href":"https:\/\/inap.gob.gt\/web\/wp-json\/wp\/v2\/comments?post=9992"}],"version-history":[{"count":13,"href":"https:\/\/inap.gob.gt\/web\/wp-json\/wp\/v2\/posts\/9992\/revisions"}],"predecessor-version":[{"id":10007,"href":"https:\/\/inap.gob.gt\/web\/wp-json\/wp\/v2\/posts\/9992\/revisions\/10007"}],"wp:featuredmedia":[{"embeddable":true,"href":"https:\/\/inap.gob.gt\/web\/wp-json\/wp\/v2\/media\/9993"}],"wp:attachment":[{"href":"https:\/\/inap.gob.gt\/web\/wp-json\/wp\/v2\/media?parent=9992"}],"wp:term":[{"taxonomy":"category","embeddable":true,"href":"https:\/\/inap.gob.gt\/web\/wp-json\/wp\/v2\/categories?post=9992"},{"taxonomy":"post_tag","embeddable":true,"href":"https:\/\/inap.gob.gt\/web\/wp-json\/wp\/v2\/tags?post=9992"}],"curies":[{"name":"wp","href":"https:\/\/api.w.org\/{rel}","templated":true}]}}