{"id":7232,"date":"2023-10-16T10:52:15","date_gmt":"2023-10-16T04:52:15","guid":{"rendered":"https:\/\/inap.gob.gt\/web\/organigrama-administrativo-gobierno-2\/"},"modified":"2024-04-18T21:34:21","modified_gmt":"2024-04-18T15:34:21","slug":"priemra-chorte-maestria-en-gestion-publica","status":"publish","type":"post","link":"https:\/\/inap.gob.gt\/web\/priemra-chorte-maestria-en-gestion-publica\/","title":{"rendered":"INAP y USAC inician la Primera Cohorte de la Maestr\u00eda en Gesti\u00f3n P\u00fablica Local"},"content":{"rendered":"\t\t<div data-elementor-type=\"wp-post\" data-elementor-id=\"7232\" class=\"elementor elementor-7232\" data-elementor-post-type=\"post\">\n\t\t\t\t\t\t<section class=\"elementor-section elementor-top-section elementor-element elementor-element-896fbd1 elementor-section-full_width elementor-section-height-default elementor-section-height-default wpr-particle-no wpr-jarallax-no wpr-parallax-no wpr-sticky-section-no\" data-id=\"896fbd1\" data-element_type=\"section\" data-e-type=\"section\">\n\t\t\t\t\t\t<div class=\"elementor-container elementor-column-gap-no\">\n\t\t\t\t\t<div class=\"elementor-column elementor-col-100 elementor-top-column elementor-element elementor-element-49e277c\" data-id=\"49e277c\" data-element_type=\"column\" data-e-type=\"column\">\n\t\t\t<div class=\"elementor-widget-wrap elementor-element-populated\">\n\t\t\t\t\t\t<div class=\"elementor-element elementor-element-3903abd elementor-widget__width-initial elementor-widget elementor-widget-image\" data-id=\"3903abd\" data-element_type=\"widget\" data-e-type=\"widget\" data-widget_type=\"image.default\">\n\t\t\t\t<div class=\"elementor-widget-container\">\n\t\t\t\t\t\t\t\t\t\t\t\t\t\t\t<img fetchpriority=\"high\" decoding=\"async\" width=\"2450\" height=\"500\" src=\"https:\/\/inap.gob.gt\/web\/wp-content\/uploads\/2023\/09\/ESCRITORIO-.jpg\" class=\"attachment-full size-full wp-image-7235\" alt=\"\" srcset=\"https:\/\/inap.gob.gt\/web\/wp-content\/uploads\/2023\/09\/ESCRITORIO-.jpg 2450w, https:\/\/inap.gob.gt\/web\/wp-content\/uploads\/2023\/09\/ESCRITORIO--300x61.jpg 300w, https:\/\/inap.gob.gt\/web\/wp-content\/uploads\/2023\/09\/ESCRITORIO--1024x209.jpg 1024w, https:\/\/inap.gob.gt\/web\/wp-content\/uploads\/2023\/09\/ESCRITORIO--768x157.jpg 768w, https:\/\/inap.gob.gt\/web\/wp-content\/uploads\/2023\/09\/ESCRITORIO--1536x313.jpg 1536w, https:\/\/inap.gob.gt\/web\/wp-content\/uploads\/2023\/09\/ESCRITORIO--2048x418.jpg 2048w\" sizes=\"(max-width: 2450px) 100vw, 2450px\" \/>\t\t\t\t\t\t\t\t\t\t\t\t\t\t\t<\/div>\n\t\t\t\t<\/div>\n\t\t\t\t\t<\/div>\n\t\t<\/div>\n\t\t\t\t\t<\/div>\n\t\t<\/section>\n\t\t\t\t<section class=\"elementor-section elementor-top-section elementor-element elementor-element-6659dbc elementor-section-boxed elementor-section-height-default elementor-section-height-default wpr-particle-no wpr-jarallax-no wpr-parallax-no wpr-sticky-section-no\" data-id=\"6659dbc\" data-element_type=\"section\" data-e-type=\"section\">\n\t\t\t\t\t\t<div class=\"elementor-container elementor-column-gap-default\">\n\t\t\t\t\t<div class=\"elementor-column elementor-col-66 elementor-top-column elementor-element elementor-element-f924559\" data-id=\"f924559\" data-element_type=\"column\" data-e-type=\"column\">\n\t\t\t<div class=\"elementor-widget-wrap elementor-element-populated\">\n\t\t\t\t\t\t<div class=\"elementor-element elementor-element-b54749c elementor-widget__width-initial elementor-widget elementor-widget-text-editor\" data-id=\"b54749c\" data-element_type=\"widget\" data-e-type=\"widget\" data-widget_type=\"text-editor.default\">\n\t\t\t\t<div class=\"elementor-widget-container\">\n\t\t\t\t\t\t\t\t\t<p>El Instituto Nacional de Administraci\u00f3n P\u00fablica -INAP- y la Universidad de San Carlos de Guatemala -USAC- dieron inicio con la fase proped\u00e9utica al primer grupo de maestrandos que integran la Primera Cohorte de la Maestr\u00eda en Gesti\u00f3n P\u00fablica Local.<\/p><p>Luego de la convocatoria que realizara el INAP por medio de sus dos Delegaciones Regionales, 143 personas se registraron para el proceso de selecci\u00f3n, 35 concluyeron la etapa de entrevistas y finalmente 30 obtuvieron una beca del 50% de la cuota mensual.<\/p><p>Alvaro D\u00edaz Coronado, gerente del INAP indic\u00f3 que uno de los objetivos del Instituto es poder brindarle al Sector P\u00fablico profesionales especializados, proceso que se realiza con el apoyo de diferentes Universidades a nivel nacional y tambi\u00e9n con el ICAP a nivel Centroamericano.<\/p><p>\u201cEsta Maestr\u00eda es muy importante para nosotros porque INAP por primera vez cuenta con Delegaciones Regionales y sabiendo que los Gobiernos Locales y las Instituciones en el territorio son un pilar fundamental para el desarrollo del pa\u00eds, el Instituto hizo un gran esfuerzo por beneficiar a los participantes de las Regiones Pet\u00e9n y Norte del pa\u00eds con una beca del 50%\u201d. Puntualiz\u00f3.<\/p><p>La Primera Cohorte de la Maestr\u00eda que se imparte 100% de forma virtual est\u00e1 integrada por 35 profesionales de diferentes Instituciones P\u00fablicas \u201cLo que m\u00e1s nos complace es que 30 de ellos residen en los Departamentos de Pet\u00e9n, Alta Verapaz y Baja Verapaz\u201d indic\u00f3 Helen D\u00edaz, directora de la DIFOGI, quien inaugur\u00f3 recientemente las clases virtuales.<\/p><p>Esta es la cuarta Maestr\u00eda que INAP pone a disposici\u00f3n de la poblaci\u00f3n y la tercera que se tiene juntamente con USAC. La convocatoria para las Cohortes que iniciar\u00e1n en 2024 estar\u00e1 disponible en la agenda de servicios del Instituto que ser\u00e1 lanzada pr\u00f3ximamente. Finaliz\u00f3 D\u00edaz.<\/p>\t\t\t\t\t\t\t\t<\/div>\n\t\t\t\t<\/div>\n\t\t\t\t\t<\/div>\n\t\t<\/div>\n\t\t\t\t<div class=\"elementor-column elementor-col-33 elementor-top-column elementor-element elementor-element-3b0a0f8\" data-id=\"3b0a0f8\" data-element_type=\"column\" data-e-type=\"column\">\n\t\t\t<div class=\"elementor-widget-wrap elementor-element-populated\">\n\t\t\t\t\t\t<div class=\"elementor-element elementor-element-eeffc8c elementor-widget__width-initial elementor-widget elementor-widget-sidebar\" data-id=\"eeffc8c\" data-element_type=\"widget\" data-e-type=\"widget\" data-widget_type=\"sidebar.default\">\n\t\t\t\t<div class=\"elementor-widget-container\">\n\t\t\t\t\t<section id=\"block-7\" class=\"widget widget_block widget_text\"><div class=\"zita-widget-content\">\n<p><\/p>\n<\/div><\/section><section id=\"block-9\" class=\"widget widget_block\"><div class=\"zita-widget-content\">\n<div class=\"wp-block-ultimate-post-post-grid-parent ultp-post-grid-parent\" data-postid=\"\" data-grids=\"[{&quot;blockId&quot;:&quot;5806cf&quot;,&quot;name&quot;:&quot;ultimate-post_post-grid-2&quot;}]\" data-pagi=\"[]\"><div  class=\"ultp-post-grid-block wp-block-ultimate-post-post-grid-2 ultp-block-5806cf\"><div class=\"ultp-block-wrapper\"><div class=\"ultp-loading\"><div class=\"ultp-loading-blocks\" style=\"width:100%;height:100%;\"><div style=\"left: 0;top: 0;animation-delay:0s;\"><\/div><div style=\"left: 21px;top: 0;animation-delay:0.125s;\"><\/div><div style=\"left: 42px;top: 0;animation-delay:0.25s;\"><\/div><div style=\"left: 0;top: 21px;animation-delay:0.875s;\"><\/div><div style=\"left: 42px;top: 21px;animation-delay:0.375s;\"><\/div><div style=\"left: 0;top: 42px;animation-delay:0.75s;\"><\/div><div style=\"left: 42px;top: 42px;animation-delay:0.625s;\"><\/div><div style=\"left: 21px;top: 42px;animation-delay:0.5s;\"><\/div><\/div><\/div><div class=\"ultp-block-items-wrap ultp-block-row\"><section class=\"ultp-block-item post-id-15607\"><div class=\"ultp-block-content-wrap ultp-block-content-overlay\"><div class=\"ultp-block-image ultp-block-image-none\"><a href=\"https:\/\/inap.gob.gt\/web\/estado-mayor-de-la-defensa-nacional-fortalece-capacidades-en-administracion-publica\/\" ><img decoding=\"async\"  alt=\"Estado Mayor de la Defensa Nacional fortalece capacidades en Administraci\u00f3n p\u00fablica\"  src=\"https:\/\/inap.gob.gt\/web\/wp-content\/uploads\/2026\/04\/BANNER-MINI-ESTADO-MAYOR.jpg\" \/><\/a><\/div><div class=\"ultp-block-content ultp-block-content-bottomPosition\"><div class=\"ultp-block-content-inner\"><div class=\"ultp-block-readmore\"><a aria-label=\"Estado Mayor de la Defensa Nacional fortalece capacidades en Administraci\u00f3n p\u00fablica\" href=\"https:\/\/inap.gob.gt\/web\/estado-mayor-de-la-defensa-nacional-fortalece-capacidades-en-administracion-publica\/\" >Leer m\u00e1s<svg xmlns=\"http:\/\/www.w3.org\/2000\/svg\" fill=\"none\" viewBox=\"0 0 24 24\">\n  <path stroke=\"currentColor\" stroke-linecap=\"round\" stroke-linejoin=\"round\" stroke-width=\"1.5\" d=\"m12 20.5 8.5-8.5m0 0L12 3.5m8.5 8.5h-17\"\/>\n<\/svg>\n<\/a><\/div><\/div><\/div><\/div><\/section><section class=\"ultp-block-item post-id-15573\"><div class=\"ultp-block-content-wrap ultp-block-content-overlay\"><div class=\"ultp-block-image ultp-block-image-none\"><a href=\"https:\/\/inap.gob.gt\/web\/se-inicia-formacion-para-la-transformacion-digital-en-instituciones-del-ejecutivo\/\" ><img decoding=\"async\"  alt=\"Se inicia formaci\u00f3n para la transformaci\u00f3n digital en instituciones del Ejecutivo\"  src=\"https:\/\/inap.gob.gt\/web\/wp-content\/uploads\/2026\/04\/BANNER-MINI-LANZAMIENTO.jpg\" \/><\/a><\/div><div class=\"ultp-block-content ultp-block-content-bottomPosition\"><div class=\"ultp-block-content-inner\"><div class=\"ultp-block-readmore\"><a aria-label=\"Se inicia formaci\u00f3n para la transformaci\u00f3n digital en instituciones del Ejecutivo\" href=\"https:\/\/inap.gob.gt\/web\/se-inicia-formacion-para-la-transformacion-digital-en-instituciones-del-ejecutivo\/\" >Leer m\u00e1s<svg xmlns=\"http:\/\/www.w3.org\/2000\/svg\" fill=\"none\" viewBox=\"0 0 24 24\">\n  <path stroke=\"currentColor\" stroke-linecap=\"round\" stroke-linejoin=\"round\" stroke-width=\"1.5\" d=\"m12 20.5 8.5-8.5m0 0L12 3.5m8.5 8.5h-17\"\/>\n<\/svg>\n<\/a><\/div><\/div><\/div><\/div><\/section><section class=\"ultp-block-item post-id-15422\"><div class=\"ultp-block-content-wrap ultp-block-content-overlay\"><div class=\"ultp-block-image ultp-block-image-none\"><a href=\"https:\/\/inap.gob.gt\/web\/inap-presenta-su-oferta-academica-a-instituciones-del-estado\/\" ><img decoding=\"async\"  alt=\"INAP presenta su oferta acad\u00e9mica a instituciones del Estado\"  src=\"https:\/\/inap.gob.gt\/web\/wp-content\/uploads\/2026\/03\/BANNER-MINI-TALLER-PRESENTA-OFERTA.jpg\" \/><\/a><\/div><div class=\"ultp-block-content ultp-block-content-bottomPosition\"><div class=\"ultp-block-content-inner\"><div class=\"ultp-block-readmore\"><a aria-label=\"INAP presenta su oferta acad\u00e9mica a instituciones del Estado\" href=\"https:\/\/inap.gob.gt\/web\/inap-presenta-su-oferta-academica-a-instituciones-del-estado\/\" >Leer m\u00e1s<svg xmlns=\"http:\/\/www.w3.org\/2000\/svg\" fill=\"none\" viewBox=\"0 0 24 24\">\n  <path stroke=\"currentColor\" stroke-linecap=\"round\" stroke-linejoin=\"round\" stroke-width=\"1.5\" d=\"m12 20.5 8.5-8.5m0 0L12 3.5m8.5 8.5h-17\"\/>\n<\/svg>\n<\/a><\/div><\/div><\/div><\/div><\/section><\/div><\/div><div class=\"pagination-block-html\" aria-hidden=\"true\" style=\"display: none;\"><\/div><\/div><\/div>\n<\/div><\/section><section id=\"block-4\" class=\"widget widget_block\"><div class=\"zita-widget-content\">\n<div class=\"wp-block-group is-layout-flow wp-block-group-is-layout-flow\">\n<h2 class=\"wp-block-heading\">Comentarios recientes<\/h2>\n\n\n<div class=\"no-comments wp-block-latest-comments\">No hay comentarios que mostrar.<\/div><\/div>\n<\/div><\/section><section id=\"block-5\" class=\"widget widget_block\"><div class=\"zita-widget-content\">\n<div class=\"wp-block-group is-layout-flow wp-block-group-is-layout-flow\"><\/div>\n<\/div><\/section><section id=\"block-6\" class=\"widget widget_block\"><div class=\"zita-widget-content\">\n<div class=\"wp-block-group is-layout-flow wp-block-group-is-layout-flow\"><\/div>\n<\/div><\/section>\t\t\t\t<\/div>\n\t\t\t\t<\/div>\n\t\t\t\t\t<\/div>\n\t\t<\/div>\n\t\t\t\t\t<\/div>\n\t\t<\/section>\n\t\t\t\t<\/div>\n\t\t","protected":false},"excerpt":{"rendered":"<p>El Instituto Nacional de Administraci\u00f3n P\u00fablica -INAP- y la Universidad de San Carlos de Guatemala -USAC- dieron inicio con la fase proped\u00e9utica al primer grupo de maestrandos que integran la Primera Cohorte de la Maestr\u00eda en Gesti\u00f3n P\u00fablica Local. Luego de la convocatoria que realizara el INAP por medio de sus dos Delegaciones Regionales, 143 personas se registraron para el proceso de selecci\u00f3n, 35 concluyeron la etapa de entrevistas y finalmente 30 obtuvieron una beca del 50% de la cuota mensual. Alvaro D\u00edaz Coronado, gerente del INAP indic\u00f3 que uno de los objetivos del Instituto es poder brindarle al Sector P\u00fablico profesionales especializados, proceso que se realiza con el apoyo de diferentes Universidades a nivel nacional y tambi\u00e9n con el ICAP a nivel Centroamericano. \u201cEsta Maestr\u00eda es muy importante para nosotros porque INAP por primera vez cuenta con Delegaciones Regionales y sabiendo que los Gobiernos Locales y las Instituciones en el territorio son un pilar fundamental para el desarrollo del pa\u00eds, el Instituto hizo un gran esfuerzo por beneficiar a los participantes de las Regiones Pet\u00e9n y Norte del pa\u00eds con una beca del 50%\u201d. Puntualiz\u00f3. La Primera Cohorte de la Maestr\u00eda que se imparte 100% de forma virtual est\u00e1 integrada por 35 profesionales de diferentes Instituciones P\u00fablicas \u201cLo que m\u00e1s nos complace es que 30 de ellos residen en los Departamentos de Pet\u00e9n, Alta Verapaz y Baja Verapaz\u201d indic\u00f3 Helen D\u00edaz, directora de la DIFOGI, quien inaugur\u00f3 recientemente las clases virtuales. Esta es la cuarta Maestr\u00eda que INAP pone a disposici\u00f3n de la poblaci\u00f3n y la tercera que se tiene juntamente con USAC. La convocatoria para las Cohortes que iniciar\u00e1n en 2024 estar\u00e1 disponible en la agenda de servicios del Instituto que ser\u00e1 lanzada pr\u00f3ximamente. Finaliz\u00f3 D\u00edaz.<\/p>\n","protected":false},"author":6,"featured_media":7234,"comment_status":"open","ping_status":"open","sticky":false,"template":"elementor_header_footer","format":"standard","meta":{"_view_id":"","_EventAllDay":false,"_EventTimezone":"","_EventStartDate":"","_EventEndDate":"","_EventStartDateUTC":"","_EventEndDateUTC":"","_EventShowMap":false,"_EventShowMapLink":false,"_EventURL":"","_EventCost":"","_EventCostDescription":"","_EventCurrencySymbol":"","_EventCurrencyCode":"","_EventCurrencyPosition":"","_EventDateTimeSeparator":"","_EventTimeRangeSeparator":"","_EventOrganizerID":[],"_EventVenueID":[],"_OrganizerEmail":"","_OrganizerPhone":"","_OrganizerWebsite":"","_VenueAddress":"","_VenueCity":"","_VenueCountry":"","_VenueProvince":"","_VenueState":"","_VenueZip":"","_VenuePhone":"","_VenueURL":"","_VenueStateProvince":"","_VenueLat":"","_VenueLng":"","_VenueShowMap":false,"_VenueShowMapLink":false,"footnotes":""},"categories":[23,22,5,20,24,9],"tags":[],"class_list":["post-7232","post","type-post","status-publish","format-standard","has-post-thumbnail","hentry","category-agosto-2","category-julio-2","category-noticias","category-principal","category-septiembre-2","category-septiembre"],"aioseo_notices":[],"rise-blocks_total_comments":0,"rise-blocks_categories":[{"term_id":23,"name":"Agosto","slug":"agosto-2","term_group":0,"term_taxonomy_id":23,"taxonomy":"category","description":"","parent":0,"count":32,"filter":"raw","cat_ID":23,"category_count":32,"category_description":"","cat_name":"Agosto","category_nicename":"agosto-2","category_parent":0},{"term_id":22,"name":"Julio","slug":"julio-2","term_group":0,"term_taxonomy_id":22,"taxonomy":"category","description":"","parent":0,"count":32,"filter":"raw","cat_ID":22,"category_count":32,"category_description":"","cat_name":"Julio","category_nicename":"julio-2","category_parent":0},{"term_id":5,"name":"Noticias","slug":"noticias","term_group":0,"term_taxonomy_id":5,"taxonomy":"category","description":"","parent":0,"count":70,"filter":"raw","cat_ID":5,"category_count":70,"category_description":"","cat_name":"Noticias","category_nicename":"noticias","category_parent":0},{"term_id":20,"name":"Principal","slug":"principal","term_group":0,"term_taxonomy_id":20,"taxonomy":"category","description":"","parent":0,"count":70,"filter":"raw","cat_ID":20,"category_count":70,"category_description":"","cat_name":"Principal","category_nicename":"principal","category_parent":0},{"term_id":24,"name":"septiembre","slug":"septiembre-2","term_group":0,"term_taxonomy_id":24,"taxonomy":"category","description":"","parent":0,"count":23,"filter":"raw","cat_ID":24,"category_count":23,"category_description":"","cat_name":"septiembre","category_nicename":"septiembre-2","category_parent":0},{"term_id":9,"name":"Septiembre","slug":"septiembre","term_group":0,"term_taxonomy_id":9,"taxonomy":"category","description":"","parent":5,"count":4,"filter":"raw","cat_ID":9,"category_count":4,"category_description":"","cat_name":"Septiembre","category_nicename":"septiembre","category_parent":5}],"rise-blocks_excerpt":"El Instituto Nacional de Administraci\u00f3n P\u00fablica -INAP- y la Universidad de San Carlos de Guatemala -USAC- dieron inicio con la fase proped\u00e9utica al primer grupo de maestrandos que integran la Primera Cohorte de la Maestr\u00eda en Gesti\u00f3n P\u00fablica Local. Luego de la convocatoria que realizara el INAP por medio de sus dos Delegaciones Regionales, 143 personas se registraron para el..","views":2284,"_links":{"self":[{"href":"https:\/\/inap.gob.gt\/web\/wp-json\/wp\/v2\/posts\/7232","targetHints":{"allow":["GET"]}}],"collection":[{"href":"https:\/\/inap.gob.gt\/web\/wp-json\/wp\/v2\/posts"}],"about":[{"href":"https:\/\/inap.gob.gt\/web\/wp-json\/wp\/v2\/types\/post"}],"author":[{"embeddable":true,"href":"https:\/\/inap.gob.gt\/web\/wp-json\/wp\/v2\/users\/6"}],"replies":[{"embeddable":true,"href":"https:\/\/inap.gob.gt\/web\/wp-json\/wp\/v2\/comments?post=7232"}],"version-history":[{"count":6,"href":"https:\/\/inap.gob.gt\/web\/wp-json\/wp\/v2\/posts\/7232\/revisions"}],"predecessor-version":[{"id":8902,"href":"https:\/\/inap.gob.gt\/web\/wp-json\/wp\/v2\/posts\/7232\/revisions\/8902"}],"wp:featuredmedia":[{"embeddable":true,"href":"https:\/\/inap.gob.gt\/web\/wp-json\/wp\/v2\/media\/7234"}],"wp:attachment":[{"href":"https:\/\/inap.gob.gt\/web\/wp-json\/wp\/v2\/media?parent=7232"}],"wp:term":[{"taxonomy":"category","embeddable":true,"href":"https:\/\/inap.gob.gt\/web\/wp-json\/wp\/v2\/categories?post=7232"},{"taxonomy":"post_tag","embeddable":true,"href":"https:\/\/inap.gob.gt\/web\/wp-json\/wp\/v2\/tags?post=7232"}],"curies":[{"name":"wp","href":"https:\/\/api.w.org\/{rel}","templated":true}]}}