{"id":6797,"date":"2023-06-19T19:52:15","date_gmt":"2023-06-19T13:52:15","guid":{"rendered":"https:\/\/inap.gob.gt\/web\/marn-e-inap-inauguraron-el-diplomado-en-gestion-integral-de-residuos-y-desechos-solidos-con-base-en-el-ag-164-2021-2-2\/"},"modified":"2023-09-06T21:14:58","modified_gmt":"2023-09-06T15:14:58","slug":"inaguracion-regional-norte","status":"publish","type":"post","link":"https:\/\/inap.gob.gt\/web\/inaguracion-regional-norte\/","title":{"rendered":"INAP inaugura su 2da. Delegaci\u00f3n Regional"},"content":{"rendered":"\t\t<div data-elementor-type=\"wp-post\" data-elementor-id=\"6797\" class=\"elementor elementor-6797\" data-elementor-post-type=\"post\">\n\t\t\t\t\t\t<section class=\"elementor-section elementor-top-section elementor-element elementor-element-896fbd1 elementor-section-full_width elementor-section-height-default elementor-section-height-default wpr-particle-no wpr-jarallax-no wpr-parallax-no wpr-sticky-section-no\" data-id=\"896fbd1\" data-element_type=\"section\" data-e-type=\"section\">\n\t\t\t\t\t\t<div class=\"elementor-container elementor-column-gap-no\">\n\t\t\t\t\t<div class=\"elementor-column elementor-col-100 elementor-top-column elementor-element elementor-element-49e277c\" data-id=\"49e277c\" data-element_type=\"column\" data-e-type=\"column\">\n\t\t\t<div class=\"elementor-widget-wrap elementor-element-populated\">\n\t\t\t\t\t\t<div class=\"elementor-element elementor-element-3903abd elementor-widget__width-initial elementor-widget elementor-widget-image\" data-id=\"3903abd\" data-element_type=\"widget\" data-e-type=\"widget\" data-widget_type=\"image.default\">\n\t\t\t\t<div class=\"elementor-widget-container\">\n\t\t\t\t\t\t\t\t\t\t\t\t\t\t\t<img fetchpriority=\"high\" decoding=\"async\" width=\"2450\" height=\"500\" src=\"https:\/\/inap.gob.gt\/web\/wp-content\/uploads\/2023\/06\/10.jpg\" class=\"attachment-full size-full wp-image-6798\" alt=\"\" srcset=\"https:\/\/inap.gob.gt\/web\/wp-content\/uploads\/2023\/06\/10.jpg 2450w, https:\/\/inap.gob.gt\/web\/wp-content\/uploads\/2023\/06\/10-300x61.jpg 300w, https:\/\/inap.gob.gt\/web\/wp-content\/uploads\/2023\/06\/10-1024x209.jpg 1024w, https:\/\/inap.gob.gt\/web\/wp-content\/uploads\/2023\/06\/10-768x157.jpg 768w, https:\/\/inap.gob.gt\/web\/wp-content\/uploads\/2023\/06\/10-1536x313.jpg 1536w, https:\/\/inap.gob.gt\/web\/wp-content\/uploads\/2023\/06\/10-2048x418.jpg 2048w\" sizes=\"(max-width: 2450px) 100vw, 2450px\" \/>\t\t\t\t\t\t\t\t\t\t\t\t\t\t\t<\/div>\n\t\t\t\t<\/div>\n\t\t\t\t\t<\/div>\n\t\t<\/div>\n\t\t\t\t\t<\/div>\n\t\t<\/section>\n\t\t\t\t<section class=\"elementor-section elementor-top-section elementor-element elementor-element-6659dbc elementor-section-boxed elementor-section-height-default elementor-section-height-default wpr-particle-no wpr-jarallax-no wpr-parallax-no wpr-sticky-section-no\" data-id=\"6659dbc\" data-element_type=\"section\" data-e-type=\"section\">\n\t\t\t\t\t\t<div class=\"elementor-container elementor-column-gap-default\">\n\t\t\t\t\t<div class=\"elementor-column elementor-col-66 elementor-top-column elementor-element elementor-element-f924559\" data-id=\"f924559\" data-element_type=\"column\" data-e-type=\"column\">\n\t\t\t<div class=\"elementor-widget-wrap elementor-element-populated\">\n\t\t\t\t\t\t<div class=\"elementor-element elementor-element-b54749c elementor-widget__width-initial elementor-widget elementor-widget-text-editor\" data-id=\"b54749c\" data-element_type=\"widget\" data-e-type=\"widget\" data-widget_type=\"text-editor.default\">\n\t\t\t\t<div class=\"elementor-widget-container\">\n\t\t\t\t\t\t\t\t\t<p>La secretaria General de la Presidencia Mar\u00eda Consuelo Ram\u00edrez Scaglia, en su calidad de presidente de la Junta Directiva del INAP, Alvaro D\u00edaz Coronado, gerente del Instituto Nacional de Administraci\u00f3n P\u00fablica -INAP-, la gobernadora de Alta Verapaz Angela Yelitza Alvarado y el gobernador de Baja Verapaz Nehem\u00edas Jared Matheu Garc\u00eda inauguraron la Sede de la Delegaci\u00f3n Regional Norte del INAP.<\/p><p>\u00a0<\/p><p>Esta es la segunda Delegaci\u00f3n Regional que el Instituto Nacional de Administraci\u00f3n P\u00fablica apertura durante la administraci\u00f3n del presidente de la Rep\u00fablica Dr. Alejandro Giammattei, quien ha impulsado y apoyado la descentralizaci\u00f3n de los servicios del Instituto; que este a\u00f1o cumpli\u00f3 43 a\u00f1os de fundaci\u00f3n.<\/p><p>\u00a0<\/p><p>Mar\u00eda Consuelo Ram\u00edrez, secretaria General de la Presidencia indic\u00f3 que despu\u00e9s de m\u00e1s de 40 a\u00f1os el INAP por medio de la Junta Directiva y la Gerencia de la actual administraci\u00f3n establecieron por primera vez una Delegaci\u00f3n Regional del Instituto en el Departamento de Pet\u00e9n y en menos de un a\u00f1o se inaugura la segunda en la Regi\u00f3n Norte. Instando a los servidores p\u00fablicos y dem\u00e1s instituciones a aprovechar el modelo de atenci\u00f3n institucional basado en el fortalecimiento de procesos de gesti\u00f3n y que abarca servicios de investigaci\u00f3n, asesor\u00eda, formaci\u00f3n y capacitaci\u00f3n.<\/p>\t\t\t\t\t\t\t\t<\/div>\n\t\t\t\t<\/div>\n\t\t\t\t<div class=\"elementor-element elementor-element-bb23c2c elementor-widget elementor-widget-shortcode\" data-id=\"bb23c2c\" data-element_type=\"widget\" data-e-type=\"widget\" data-widget_type=\"shortcode.default\">\n\t\t\t\t<div class=\"elementor-widget-container\">\n\t\t\t\t\t\t\t<div class=\"elementor-shortcode\"><a data-flickr-embed=\"true\" href=https:\/\/www.flickr.com\/photos\/139160779@N05\/albums\/72177720310578698 title=\"FIRMA DE CONVENIO CON GOBERNACI\u00d3N DE ALTA VERAP\u00c1Z E INAUGURACI\u00d3N SEDE REGIONAL DE INAP -NORTE-\"><img src=https:\/\/live.staticflickr.com\/65535\/53125084164_29471d261e_z.jpg width=\"640\" height=\"480\" alt=\"FIRMA DE CONVENIO CON GOBERNACI\u00d3N DE ALTA VERAP\u00c1Z E INAUGURACI\u00d3N SEDE REGIONAL DE INAP -NORTE-\"\/><\/a><script async src=\"\/\/embedr.flickr.com\/assets\/client-code.js\" charset=\"utf-8\"><\/script><\/div>\n\t\t\t\t\t\t<\/div>\n\t\t\t\t<\/div>\n\t\t\t\t<div class=\"elementor-element elementor-element-f8bc9a4 elementor-widget elementor-widget-text-editor\" data-id=\"f8bc9a4\" data-element_type=\"widget\" data-e-type=\"widget\" data-widget_type=\"text-editor.default\">\n\t\t\t\t<div class=\"elementor-widget-container\">\n\t\t\t\t\t\t\t\t\t<p>Alvaro D\u00edaz Coronado, gerente del INAP resalt\u00f3 que el instituto ha retomado su mandato institucional y que han impulsado un proceso integral para generar desarrollo administrativo, cuyo fin primordial es brindar mejores servicios a la poblaci\u00f3n, por lo que se da un paso importante con la descentralizaci\u00f3n de los servicios del INAP y fortalecer los esfuerzos del Presidente de la Rep\u00fablica de apoyar t\u00e9cnicamente a la institucionalidad p\u00fablica de Alta Verapaz y Baja Verapaz.<\/p><p>La Delegaci\u00f3n Regional Norte, replicar\u00e1 el modelo de atenci\u00f3n institucional del INAP y pondr\u00e1 a disposici\u00f3n de todos los servidores p\u00fablicos el Diplomado en Planificaci\u00f3n Estrat\u00e9gica y Gesti\u00f3n P\u00fablica, el Curso y Certificaci\u00f3n B\u00e1sica en Conocimientos de Administraci\u00f3n P\u00fablica, Curso y Certificaci\u00f3n Intermedia en Pol\u00edticas P\u00fablicas y Planificaci\u00f3n, Curso y Certificaci\u00f3n Intermedia en Formulaci\u00f3n y Evaluaci\u00f3n de Proyectos de Preinversi\u00f3n y la Maestr\u00eda en Administraci\u00f3n P\u00fablica.<\/p><p>Las Sede de la Delegaci\u00f3n Regional Norte se ubica en el Palacio Departamental de Gobernaci\u00f3n de Alta Verapaz, Primer Nivel, Oficina 07.<\/p><p>\u00a0<\/p><p>#InapesDesarrolloInstitucional<\/p><p>Guatemala, 17 de agosto de 2023<\/p>\t\t\t\t\t\t\t\t<\/div>\n\t\t\t\t<\/div>\n\t\t\t\t\t<\/div>\n\t\t<\/div>\n\t\t\t\t<div class=\"elementor-column elementor-col-33 elementor-top-column elementor-element elementor-element-3b0a0f8\" data-id=\"3b0a0f8\" data-element_type=\"column\" data-e-type=\"column\">\n\t\t\t<div class=\"elementor-widget-wrap elementor-element-populated\">\n\t\t\t\t\t\t<div class=\"elementor-element elementor-element-eeffc8c elementor-widget__width-initial elementor-widget elementor-widget-sidebar\" data-id=\"eeffc8c\" data-element_type=\"widget\" data-e-type=\"widget\" data-widget_type=\"sidebar.default\">\n\t\t\t\t<div class=\"elementor-widget-container\">\n\t\t\t\t\t<section id=\"block-7\" class=\"widget widget_block widget_text\"><div class=\"zita-widget-content\">\n<p><\/p>\n<\/div><\/section><section id=\"block-9\" class=\"widget widget_block\"><div class=\"zita-widget-content\">\n<div class=\"wp-block-ultimate-post-post-grid-parent ultp-post-grid-parent\" data-postid=\"\" data-grids=\"[{&quot;blockId&quot;:&quot;5806cf&quot;,&quot;name&quot;:&quot;ultimate-post_post-grid-2&quot;}]\" data-pagi=\"[]\"><div  class=\"ultp-post-grid-block wp-block-ultimate-post-post-grid-2 ultp-block-5806cf\"><div class=\"ultp-block-wrapper\"><div class=\"ultp-loading\"><div class=\"ultp-loading-blocks\" style=\"width:100%;height:100%;\"><div style=\"left: 0;top: 0;animation-delay:0s;\"><\/div><div style=\"left: 21px;top: 0;animation-delay:0.125s;\"><\/div><div style=\"left: 42px;top: 0;animation-delay:0.25s;\"><\/div><div style=\"left: 0;top: 21px;animation-delay:0.875s;\"><\/div><div style=\"left: 42px;top: 21px;animation-delay:0.375s;\"><\/div><div style=\"left: 0;top: 42px;animation-delay:0.75s;\"><\/div><div style=\"left: 42px;top: 42px;animation-delay:0.625s;\"><\/div><div style=\"left: 21px;top: 42px;animation-delay:0.5s;\"><\/div><\/div><\/div><div class=\"ultp-block-items-wrap ultp-block-row\"><section class=\"ultp-block-item post-id-15607\"><div class=\"ultp-block-content-wrap ultp-block-content-overlay\"><div class=\"ultp-block-image ultp-block-image-none\"><a href=\"https:\/\/inap.gob.gt\/web\/estado-mayor-de-la-defensa-nacional-fortalece-capacidades-en-administracion-publica\/\" ><img decoding=\"async\"  alt=\"Estado Mayor de la Defensa Nacional fortalece capacidades en Administraci\u00f3n p\u00fablica\"  src=\"https:\/\/inap.gob.gt\/web\/wp-content\/uploads\/2026\/04\/BANNER-MINI-ESTADO-MAYOR.jpg\" \/><\/a><\/div><div class=\"ultp-block-content ultp-block-content-bottomPosition\"><div class=\"ultp-block-content-inner\"><div class=\"ultp-block-readmore\"><a aria-label=\"Estado Mayor de la Defensa Nacional fortalece capacidades en Administraci\u00f3n p\u00fablica\" href=\"https:\/\/inap.gob.gt\/web\/estado-mayor-de-la-defensa-nacional-fortalece-capacidades-en-administracion-publica\/\" >Leer m\u00e1s<svg xmlns=\"http:\/\/www.w3.org\/2000\/svg\" fill=\"none\" viewBox=\"0 0 24 24\">\n  <path stroke=\"currentColor\" stroke-linecap=\"round\" stroke-linejoin=\"round\" stroke-width=\"1.5\" d=\"m12 20.5 8.5-8.5m0 0L12 3.5m8.5 8.5h-17\"\/>\n<\/svg>\n<\/a><\/div><\/div><\/div><\/div><\/section><section class=\"ultp-block-item post-id-15573\"><div class=\"ultp-block-content-wrap ultp-block-content-overlay\"><div class=\"ultp-block-image ultp-block-image-none\"><a href=\"https:\/\/inap.gob.gt\/web\/se-inicia-formacion-para-la-transformacion-digital-en-instituciones-del-ejecutivo\/\" ><img decoding=\"async\"  alt=\"Se inicia formaci\u00f3n para la transformaci\u00f3n digital en instituciones del Ejecutivo\"  src=\"https:\/\/inap.gob.gt\/web\/wp-content\/uploads\/2026\/04\/BANNER-MINI-LANZAMIENTO.jpg\" \/><\/a><\/div><div class=\"ultp-block-content ultp-block-content-bottomPosition\"><div class=\"ultp-block-content-inner\"><div class=\"ultp-block-readmore\"><a aria-label=\"Se inicia formaci\u00f3n para la transformaci\u00f3n digital en instituciones del Ejecutivo\" href=\"https:\/\/inap.gob.gt\/web\/se-inicia-formacion-para-la-transformacion-digital-en-instituciones-del-ejecutivo\/\" >Leer m\u00e1s<svg xmlns=\"http:\/\/www.w3.org\/2000\/svg\" fill=\"none\" viewBox=\"0 0 24 24\">\n  <path stroke=\"currentColor\" stroke-linecap=\"round\" stroke-linejoin=\"round\" stroke-width=\"1.5\" d=\"m12 20.5 8.5-8.5m0 0L12 3.5m8.5 8.5h-17\"\/>\n<\/svg>\n<\/a><\/div><\/div><\/div><\/div><\/section><section class=\"ultp-block-item post-id-15422\"><div class=\"ultp-block-content-wrap ultp-block-content-overlay\"><div class=\"ultp-block-image ultp-block-image-none\"><a href=\"https:\/\/inap.gob.gt\/web\/inap-presenta-su-oferta-academica-a-instituciones-del-estado\/\" ><img decoding=\"async\"  alt=\"INAP presenta su oferta acad\u00e9mica a instituciones del Estado\"  src=\"https:\/\/inap.gob.gt\/web\/wp-content\/uploads\/2026\/03\/BANNER-MINI-TALLER-PRESENTA-OFERTA.jpg\" \/><\/a><\/div><div class=\"ultp-block-content ultp-block-content-bottomPosition\"><div class=\"ultp-block-content-inner\"><div class=\"ultp-block-readmore\"><a aria-label=\"INAP presenta su oferta acad\u00e9mica a instituciones del Estado\" href=\"https:\/\/inap.gob.gt\/web\/inap-presenta-su-oferta-academica-a-instituciones-del-estado\/\" >Leer m\u00e1s<svg xmlns=\"http:\/\/www.w3.org\/2000\/svg\" fill=\"none\" viewBox=\"0 0 24 24\">\n  <path stroke=\"currentColor\" stroke-linecap=\"round\" stroke-linejoin=\"round\" stroke-width=\"1.5\" d=\"m12 20.5 8.5-8.5m0 0L12 3.5m8.5 8.5h-17\"\/>\n<\/svg>\n<\/a><\/div><\/div><\/div><\/div><\/section><\/div><\/div><div class=\"pagination-block-html\" aria-hidden=\"true\" style=\"display: none;\"><\/div><\/div><\/div>\n<\/div><\/section><section id=\"block-4\" class=\"widget widget_block\"><div class=\"zita-widget-content\">\n<div class=\"wp-block-group is-layout-flow wp-block-group-is-layout-flow\">\n<h2 class=\"wp-block-heading\">Comentarios recientes<\/h2>\n\n\n<div class=\"no-comments wp-block-latest-comments\">No hay comentarios que mostrar.<\/div><\/div>\n<\/div><\/section><section id=\"block-5\" class=\"widget widget_block\"><div class=\"zita-widget-content\">\n<div class=\"wp-block-group is-layout-flow wp-block-group-is-layout-flow\"><\/div>\n<\/div><\/section><section id=\"block-6\" class=\"widget widget_block\"><div class=\"zita-widget-content\">\n<div class=\"wp-block-group is-layout-flow wp-block-group-is-layout-flow\"><\/div>\n<\/div><\/section>\t\t\t\t<\/div>\n\t\t\t\t<\/div>\n\t\t\t\t\t<\/div>\n\t\t<\/div>\n\t\t\t\t\t<\/div>\n\t\t<\/section>\n\t\t\t\t<\/div>\n\t\t","protected":false},"excerpt":{"rendered":"<p>La secretaria General de la Presidencia Mar\u00eda Consuelo Ram\u00edrez Scaglia, en su calidad de presidente de la Junta Directiva del INAP, Alvaro D\u00edaz Coronado, gerente del Instituto Nacional de Administraci\u00f3n P\u00fablica -INAP-, la gobernadora de Alta Verapaz Angela Yelitza Alvarado y el gobernador de Baja Verapaz Nehem\u00edas Jared Matheu Garc\u00eda inauguraron la Sede de la Delegaci\u00f3n Regional Norte del INAP.\u00a0Esta es la segunda Delegaci\u00f3n Regional que el Instituto Nacional de Administraci\u00f3n P\u00fablica apertura durante la administraci\u00f3n del presidente de la Rep\u00fablica Dr. Alejandro Giammattei, quien ha impulsado y apoyado la descentralizaci\u00f3n de los servicios del Instituto; que este a\u00f1o cumpli\u00f3 43 a\u00f1os de fundaci\u00f3n.\u00a0Mar\u00eda Consuelo Ram\u00edrez, secretaria General de la Presidencia indic\u00f3 que despu\u00e9s de m\u00e1s de 40 a\u00f1os el INAP por medio de la Junta Directiva y la Gerencia de la actual administraci\u00f3n establecieron por primera vez una Delegaci\u00f3n Regional del Instituto en el Departamento de Pet\u00e9n y en menos de un a\u00f1o se inaugura la segunda en la Regi\u00f3n Norte. Instando a los servidores p\u00fablicos y dem\u00e1s instituciones a aprovechar el modelo de atenci\u00f3n institucional basado en el fortalecimiento de procesos de gesti\u00f3n y que abarca servicios de investigaci\u00f3n, asesor\u00eda, formaci\u00f3n y capacitaci\u00f3n.Alvaro D\u00edaz Coronado, gerente del INAP resalt\u00f3 que el instituto ha retomado su mandato institucional y que han impulsado un proceso integral para generar desarrollo administrativo, cuyo fin primordial es brindar mejores servicios a la poblaci\u00f3n, por lo que se da un paso importante con la descentralizaci\u00f3n de los servicios del INAP y fortalecer los esfuerzos del Presidente de la Rep\u00fablica de apoyar t\u00e9cnicamente a la institucionalidad p\u00fablica de Alta Verapaz y Baja Verapaz.La Delegaci\u00f3n Regional Norte, replicar\u00e1 el modelo de atenci\u00f3n institucional del INAP y pondr\u00e1 a disposici\u00f3n de todos los servidores p\u00fablicos el Diplomado en Planificaci\u00f3n Estrat\u00e9gica y Gesti\u00f3n P\u00fablica, el Curso y Certificaci\u00f3n B\u00e1sica en Conocimientos de Administraci\u00f3n P\u00fablica, Curso y Certificaci\u00f3n Intermedia en Pol\u00edticas P\u00fablicas y Planificaci\u00f3n, Curso y Certificaci\u00f3n Intermedia en Formulaci\u00f3n y Evaluaci\u00f3n de Proyectos de Preinversi\u00f3n y la Maestr\u00eda en Administraci\u00f3n P\u00fablica.Las Sede de la Delegaci\u00f3n Regional Norte se ubica en el Palacio Departamental de Gobernaci\u00f3n de Alta Verapaz, Primer Nivel, Oficina 07.\u00a0#InapesDesarrolloInstitucionalGuatemala, 17 de agosto de 2023<\/p>\n","protected":false},"author":6,"featured_media":6799,"comment_status":"open","ping_status":"open","sticky":false,"template":"elementor_header_footer","format":"standard","meta":{"_view_id":"","_EventAllDay":false,"_EventTimezone":"","_EventStartDate":"","_EventEndDate":"","_EventStartDateUTC":"","_EventEndDateUTC":"","_EventShowMap":false,"_EventShowMapLink":false,"_EventURL":"","_EventCost":"","_EventCostDescription":"","_EventCurrencySymbol":"","_EventCurrencyCode":"","_EventCurrencyPosition":"","_EventDateTimeSeparator":"","_EventTimeRangeSeparator":"","_EventOrganizerID":[],"_EventVenueID":[],"_OrganizerEmail":"","_OrganizerPhone":"","_OrganizerWebsite":"","_VenueAddress":"","_VenueCity":"","_VenueCountry":"","_VenueProvince":"","_VenueState":"","_VenueZip":"","_VenuePhone":"","_VenueURL":"","_VenueStateProvince":"","_VenueLat":"","_VenueLng":"","_VenueShowMap":false,"_VenueShowMapLink":false,"footnotes":""},"categories":[23,22,5,20],"tags":[],"class_list":["post-6797","post","type-post","status-publish","format-standard","has-post-thumbnail","hentry","category-agosto-2","category-julio-2","category-noticias","category-principal"],"aioseo_notices":[],"rise-blocks_total_comments":0,"rise-blocks_categories":[{"term_id":23,"name":"Agosto","slug":"agosto-2","term_group":0,"term_taxonomy_id":23,"taxonomy":"category","description":"","parent":0,"count":32,"filter":"raw","cat_ID":23,"category_count":32,"category_description":"","cat_name":"Agosto","category_nicename":"agosto-2","category_parent":0},{"term_id":22,"name":"Julio","slug":"julio-2","term_group":0,"term_taxonomy_id":22,"taxonomy":"category","description":"","parent":0,"count":32,"filter":"raw","cat_ID":22,"category_count":32,"category_description":"","cat_name":"Julio","category_nicename":"julio-2","category_parent":0},{"term_id":5,"name":"Noticias","slug":"noticias","term_group":0,"term_taxonomy_id":5,"taxonomy":"category","description":"","parent":0,"count":70,"filter":"raw","cat_ID":5,"category_count":70,"category_description":"","cat_name":"Noticias","category_nicename":"noticias","category_parent":0},{"term_id":20,"name":"Principal","slug":"principal","term_group":0,"term_taxonomy_id":20,"taxonomy":"category","description":"","parent":0,"count":70,"filter":"raw","cat_ID":20,"category_count":70,"category_description":"","cat_name":"Principal","category_nicename":"principal","category_parent":0}],"rise-blocks_excerpt":"La secretaria General de la Presidencia Mar\u00eda Consuelo Ram\u00edrez Scaglia, en su calidad de presidente de la Junta Directiva del INAP, Alvaro D\u00edaz Coronado, gerente del Instituto Nacional de Administraci\u00f3n P\u00fablica -INAP-, la gobernadora de Alta Verapaz Angela Yelitza Alvarado y el gobernador de Baja Verapaz Nehem\u00edas Jared Matheu Garc\u00eda inauguraron la Sede de la Delegaci\u00f3n Regional Norte del INAP.\u00a0Esta..","views":1895,"_links":{"self":[{"href":"https:\/\/inap.gob.gt\/web\/wp-json\/wp\/v2\/posts\/6797","targetHints":{"allow":["GET"]}}],"collection":[{"href":"https:\/\/inap.gob.gt\/web\/wp-json\/wp\/v2\/posts"}],"about":[{"href":"https:\/\/inap.gob.gt\/web\/wp-json\/wp\/v2\/types\/post"}],"author":[{"embeddable":true,"href":"https:\/\/inap.gob.gt\/web\/wp-json\/wp\/v2\/users\/6"}],"replies":[{"embeddable":true,"href":"https:\/\/inap.gob.gt\/web\/wp-json\/wp\/v2\/comments?post=6797"}],"version-history":[{"count":7,"href":"https:\/\/inap.gob.gt\/web\/wp-json\/wp\/v2\/posts\/6797\/revisions"}],"predecessor-version":[{"id":6808,"href":"https:\/\/inap.gob.gt\/web\/wp-json\/wp\/v2\/posts\/6797\/revisions\/6808"}],"wp:featuredmedia":[{"embeddable":true,"href":"https:\/\/inap.gob.gt\/web\/wp-json\/wp\/v2\/media\/6799"}],"wp:attachment":[{"href":"https:\/\/inap.gob.gt\/web\/wp-json\/wp\/v2\/media?parent=6797"}],"wp:term":[{"taxonomy":"category","embeddable":true,"href":"https:\/\/inap.gob.gt\/web\/wp-json\/wp\/v2\/categories?post=6797"},{"taxonomy":"post_tag","embeddable":true,"href":"https:\/\/inap.gob.gt\/web\/wp-json\/wp\/v2\/tags?post=6797"}],"curies":[{"name":"wp","href":"https:\/\/api.w.org\/{rel}","templated":true}]}}