{"id":6232,"date":"2023-05-26T22:14:13","date_gmt":"2023-05-26T16:14:13","guid":{"rendered":"https:\/\/inap.gob.gt\/web\/?p=6232"},"modified":"2023-05-26T22:17:58","modified_gmt":"2023-05-26T16:17:58","slug":"copadeh-e-inap-firmaron-convenio-interinstitucional","status":"publish","type":"post","link":"https:\/\/inap.gob.gt\/web\/copadeh-e-inap-firmaron-convenio-interinstitucional\/","title":{"rendered":"COPADEH e INAP firmaron convenio interinstitucional"},"content":{"rendered":"\t\t<div data-elementor-type=\"wp-post\" data-elementor-id=\"6232\" class=\"elementor elementor-6232\" data-elementor-post-type=\"post\">\n\t\t\t\t\t\t<section class=\"elementor-section elementor-top-section elementor-element elementor-element-896fbd1 elementor-section-full_width elementor-section-height-default elementor-section-height-default wpr-particle-no wpr-jarallax-no wpr-parallax-no wpr-sticky-section-no\" data-id=\"896fbd1\" data-element_type=\"section\" data-e-type=\"section\">\n\t\t\t\t\t\t<div class=\"elementor-container elementor-column-gap-no\">\n\t\t\t\t\t<div class=\"elementor-column elementor-col-100 elementor-top-column elementor-element elementor-element-49e277c\" data-id=\"49e277c\" data-element_type=\"column\" data-e-type=\"column\">\n\t\t\t<div class=\"elementor-widget-wrap elementor-element-populated\">\n\t\t\t\t\t\t<div class=\"elementor-element elementor-element-3903abd elementor-widget__width-initial elementor-widget elementor-widget-image\" data-id=\"3903abd\" data-element_type=\"widget\" data-e-type=\"widget\" data-widget_type=\"image.default\">\n\t\t\t\t<div class=\"elementor-widget-container\">\n\t\t\t\t\t\t\t\t\t\t\t\t\t\t\t<img fetchpriority=\"high\" decoding=\"async\" width=\"2450\" height=\"500\" src=\"https:\/\/inap.gob.gt\/web\/wp-content\/uploads\/2023\/05\/04-1.png\" class=\"attachment-full size-full wp-image-6236\" alt=\"\" srcset=\"https:\/\/inap.gob.gt\/web\/wp-content\/uploads\/2023\/05\/04-1.png 2450w, https:\/\/inap.gob.gt\/web\/wp-content\/uploads\/2023\/05\/04-1-300x61.png 300w, https:\/\/inap.gob.gt\/web\/wp-content\/uploads\/2023\/05\/04-1-1024x209.png 1024w, https:\/\/inap.gob.gt\/web\/wp-content\/uploads\/2023\/05\/04-1-768x157.png 768w, https:\/\/inap.gob.gt\/web\/wp-content\/uploads\/2023\/05\/04-1-1536x313.png 1536w, https:\/\/inap.gob.gt\/web\/wp-content\/uploads\/2023\/05\/04-1-2048x418.png 2048w\" sizes=\"(max-width: 2450px) 100vw, 2450px\" \/>\t\t\t\t\t\t\t\t\t\t\t\t\t\t\t<\/div>\n\t\t\t\t<\/div>\n\t\t\t\t\t<\/div>\n\t\t<\/div>\n\t\t\t\t\t<\/div>\n\t\t<\/section>\n\t\t\t\t<section class=\"elementor-section elementor-top-section elementor-element elementor-element-6659dbc elementor-section-boxed elementor-section-height-default elementor-section-height-default wpr-particle-no wpr-jarallax-no wpr-parallax-no wpr-sticky-section-no\" data-id=\"6659dbc\" data-element_type=\"section\" data-e-type=\"section\">\n\t\t\t\t\t\t<div class=\"elementor-container elementor-column-gap-default\">\n\t\t\t\t\t<div class=\"elementor-column elementor-col-66 elementor-top-column elementor-element elementor-element-f924559\" data-id=\"f924559\" data-element_type=\"column\" data-e-type=\"column\">\n\t\t\t<div class=\"elementor-widget-wrap elementor-element-populated\">\n\t\t\t\t\t\t<div class=\"elementor-element elementor-element-b54749c elementor-widget elementor-widget-text-editor\" data-id=\"b54749c\" data-element_type=\"widget\" data-e-type=\"widget\" data-widget_type=\"text-editor.default\">\n\t\t\t\t<div class=\"elementor-widget-container\">\n\t\t\t\t\t\t\t\t\t<p>Con la suscripci\u00f3n de un convenio de cooperaci\u00f3n interinstitucional, el director ejecutivo de la Comisi\u00f3n Presidencial por la Paz y los Derechos Humanos -COPADEH- Ramiro Alejando Contreras Escobar y el gerente del Instituto Nacional de Administraci\u00f3n P\u00fablica -INAP- Alvaro D\u00edaz Coronado, oficializaron la alianza estrat\u00e9gica que tiene como objetivo facilitar la implementaci\u00f3n de un plan de formaci\u00f3n y capacitaci\u00f3n en materia de Derechos Humanos y el fomento de la cultura de paz.<\/p><p>\u00a0<\/p><p>D\u00edaz Coronado, destac\u00f3 lo que puede lograrse cuando se trabaja de forma articulada, respetando la rector\u00eda de cada una de las instituciones \u201cCOPADEH naci\u00f3 y se ha desarrollado de forma correcta, felicito a sus autoridades por la visi\u00f3n estrat\u00e9gica tan noble hacia la formaci\u00f3n y privilegiar las capacidades individuales de los Servidores P\u00fablicos para poder generar capacidades institucionales\u201d<\/p>\t\t\t\t\t\t\t\t<\/div>\n\t\t\t\t<\/div>\n\t\t\t\t<div class=\"elementor-element elementor-element-bb23c2c elementor-widget elementor-widget-shortcode\" data-id=\"bb23c2c\" data-element_type=\"widget\" data-e-type=\"widget\" data-widget_type=\"shortcode.default\">\n\t\t\t\t<div class=\"elementor-widget-container\">\n\t\t\t\t\t\t\t<div class=\"elementor-shortcode\"><a data-flickr-embed=\"true\" href=https:\/\/www.flickr.com\/photos\/139160779@N05\/albums\/72177720308558482 title=\"Firma de Convenio COPADEH e INAP\"><img src=https:\/\/live.staticflickr.com\/65535\/52925256791_4ffba13016_z.jpg width=\"640\" height=\"480\" alt=\"Firma de Convenio COPADEH e INAP\"\/><\/a><script async src=\"\/\/embedr.flickr.com\/assets\/client-code.js\" charset=\"utf-8\"><\/script><\/div>\n\t\t\t\t\t\t<\/div>\n\t\t\t\t<\/div>\n\t\t\t\t<div class=\"elementor-element elementor-element-f8bc9a4 elementor-widget elementor-widget-text-editor\" data-id=\"f8bc9a4\" data-element_type=\"widget\" data-e-type=\"widget\" data-widget_type=\"text-editor.default\">\n\t\t\t\t<div class=\"elementor-widget-container\">\n\t\t\t\t\t\t\t\t\t<p>Los Servidores P\u00fablicos son el medio para lograr prestar servicios de calidad al ciudadano, que es lo que mueve la Administraci\u00f3n P\u00fablica. Puntualiz\u00f3, indicando que el Instituto Nacional de Administraci\u00f3n P\u00fablica pondr\u00e1 todo su expertise al servicio de la Comisi\u00f3n para desarrollar un proceso de fortalecimiento institucional, formaci\u00f3n gradual y continua.<\/p><p>\u00a0<\/p><p>El Director Ejecutivo de COPADEH por su parte se\u00f1al\u00f3 que, gracias a este tipo de articulaciones estrat\u00e9gicas interinstitucionales, la COPADEH innovar\u00e1 sus funciones institucionales, apegadas a mecanismos eficaces, modernos, transparentes y competentes para optimizar la gesti\u00f3n p\u00fablica guatemalteca, en materia de Derechos Humanos, prevenci\u00f3n y atenci\u00f3n a la conflictividad y el fomento de\u00a0 una cultura de paz.\u00a0 Adem\u00e1s, agradeci\u00f3 al INAP, por la confianza depositada en la COPADEH.<\/p><p>\u00a0<\/p><p>En la actividad se cont\u00f3 con la presencia de Edy Mauricio Cano Cassiano, subdirector Ejecutivo de COPADEH, Nery D\u00edaz Coronado, subgerente del INAP, directores y jefes tanto de INAP como de COPADEH.<\/p><p>\u00a0<\/p><p>\u00a0<\/p><p>Guatemala, 24 de mayo de 2023<\/p>\t\t\t\t\t\t\t\t<\/div>\n\t\t\t\t<\/div>\n\t\t\t\t\t<\/div>\n\t\t<\/div>\n\t\t\t\t<div class=\"elementor-column elementor-col-33 elementor-top-column elementor-element elementor-element-3b0a0f8\" data-id=\"3b0a0f8\" data-element_type=\"column\" data-e-type=\"column\">\n\t\t\t<div class=\"elementor-widget-wrap elementor-element-populated\">\n\t\t\t\t\t\t<div class=\"elementor-element elementor-element-eeffc8c elementor-widget elementor-widget-sidebar\" data-id=\"eeffc8c\" data-element_type=\"widget\" data-e-type=\"widget\" data-widget_type=\"sidebar.default\">\n\t\t\t\t<div class=\"elementor-widget-container\">\n\t\t\t\t\t<section id=\"block-7\" class=\"widget widget_block widget_text\"><div class=\"zita-widget-content\">\n<p><\/p>\n<\/div><\/section><section id=\"block-9\" class=\"widget widget_block\"><div class=\"zita-widget-content\">\n<div class=\"wp-block-ultimate-post-post-grid-parent ultp-post-grid-parent\" data-postid=\"\" data-grids=\"[{&quot;blockId&quot;:&quot;5806cf&quot;,&quot;name&quot;:&quot;ultimate-post_post-grid-2&quot;}]\" data-pagi=\"[]\"><div  class=\"ultp-post-grid-block wp-block-ultimate-post-post-grid-2 ultp-block-5806cf\"><div class=\"ultp-block-wrapper\"><div class=\"ultp-loading\"><div class=\"ultp-loading-blocks\" style=\"width:100%;height:100%;\"><div style=\"left: 0;top: 0;animation-delay:0s;\"><\/div><div style=\"left: 21px;top: 0;animation-delay:0.125s;\"><\/div><div style=\"left: 42px;top: 0;animation-delay:0.25s;\"><\/div><div style=\"left: 0;top: 21px;animation-delay:0.875s;\"><\/div><div style=\"left: 42px;top: 21px;animation-delay:0.375s;\"><\/div><div style=\"left: 0;top: 42px;animation-delay:0.75s;\"><\/div><div style=\"left: 42px;top: 42px;animation-delay:0.625s;\"><\/div><div style=\"left: 21px;top: 42px;animation-delay:0.5s;\"><\/div><\/div><\/div><div class=\"ultp-block-items-wrap ultp-block-row\"><section class=\"ultp-block-item post-id-15607\"><div class=\"ultp-block-content-wrap ultp-block-content-overlay\"><div class=\"ultp-block-image ultp-block-image-none\"><a href=\"https:\/\/inap.gob.gt\/web\/estado-mayor-de-la-defensa-nacional-fortalece-capacidades-en-administracion-publica\/\" ><img decoding=\"async\"  alt=\"Estado Mayor de la Defensa Nacional fortalece capacidades en Administraci\u00f3n p\u00fablica\"  src=\"https:\/\/inap.gob.gt\/web\/wp-content\/uploads\/2026\/04\/BANNER-MINI-ESTADO-MAYOR.jpg\" \/><\/a><\/div><div class=\"ultp-block-content ultp-block-content-bottomPosition\"><div class=\"ultp-block-content-inner\"><div class=\"ultp-block-readmore\"><a aria-label=\"Estado Mayor de la Defensa Nacional fortalece capacidades en Administraci\u00f3n p\u00fablica\" href=\"https:\/\/inap.gob.gt\/web\/estado-mayor-de-la-defensa-nacional-fortalece-capacidades-en-administracion-publica\/\" >Leer m\u00e1s<svg xmlns=\"http:\/\/www.w3.org\/2000\/svg\" fill=\"none\" viewBox=\"0 0 24 24\">\n  <path stroke=\"currentColor\" stroke-linecap=\"round\" stroke-linejoin=\"round\" stroke-width=\"1.5\" d=\"m12 20.5 8.5-8.5m0 0L12 3.5m8.5 8.5h-17\"\/>\n<\/svg>\n<\/a><\/div><\/div><\/div><\/div><\/section><section class=\"ultp-block-item post-id-15573\"><div class=\"ultp-block-content-wrap ultp-block-content-overlay\"><div class=\"ultp-block-image ultp-block-image-none\"><a href=\"https:\/\/inap.gob.gt\/web\/se-inicia-formacion-para-la-transformacion-digital-en-instituciones-del-ejecutivo\/\" ><img decoding=\"async\"  alt=\"Se inicia formaci\u00f3n para la transformaci\u00f3n digital en instituciones del Ejecutivo\"  src=\"https:\/\/inap.gob.gt\/web\/wp-content\/uploads\/2026\/04\/BANNER-MINI-LANZAMIENTO.jpg\" \/><\/a><\/div><div class=\"ultp-block-content ultp-block-content-bottomPosition\"><div class=\"ultp-block-content-inner\"><div class=\"ultp-block-readmore\"><a aria-label=\"Se inicia formaci\u00f3n para la transformaci\u00f3n digital en instituciones del Ejecutivo\" href=\"https:\/\/inap.gob.gt\/web\/se-inicia-formacion-para-la-transformacion-digital-en-instituciones-del-ejecutivo\/\" >Leer m\u00e1s<svg xmlns=\"http:\/\/www.w3.org\/2000\/svg\" fill=\"none\" viewBox=\"0 0 24 24\">\n  <path stroke=\"currentColor\" stroke-linecap=\"round\" stroke-linejoin=\"round\" stroke-width=\"1.5\" d=\"m12 20.5 8.5-8.5m0 0L12 3.5m8.5 8.5h-17\"\/>\n<\/svg>\n<\/a><\/div><\/div><\/div><\/div><\/section><section class=\"ultp-block-item post-id-15422\"><div class=\"ultp-block-content-wrap ultp-block-content-overlay\"><div class=\"ultp-block-image ultp-block-image-none\"><a href=\"https:\/\/inap.gob.gt\/web\/inap-presenta-su-oferta-academica-a-instituciones-del-estado\/\" ><img decoding=\"async\"  alt=\"INAP presenta su oferta acad\u00e9mica a instituciones del Estado\"  src=\"https:\/\/inap.gob.gt\/web\/wp-content\/uploads\/2026\/03\/BANNER-MINI-TALLER-PRESENTA-OFERTA.jpg\" \/><\/a><\/div><div class=\"ultp-block-content ultp-block-content-bottomPosition\"><div class=\"ultp-block-content-inner\"><div class=\"ultp-block-readmore\"><a aria-label=\"INAP presenta su oferta acad\u00e9mica a instituciones del Estado\" href=\"https:\/\/inap.gob.gt\/web\/inap-presenta-su-oferta-academica-a-instituciones-del-estado\/\" >Leer m\u00e1s<svg xmlns=\"http:\/\/www.w3.org\/2000\/svg\" fill=\"none\" viewBox=\"0 0 24 24\">\n  <path stroke=\"currentColor\" stroke-linecap=\"round\" stroke-linejoin=\"round\" stroke-width=\"1.5\" d=\"m12 20.5 8.5-8.5m0 0L12 3.5m8.5 8.5h-17\"\/>\n<\/svg>\n<\/a><\/div><\/div><\/div><\/div><\/section><\/div><\/div><div class=\"pagination-block-html\" aria-hidden=\"true\" style=\"display: none;\"><\/div><\/div><\/div>\n<\/div><\/section><section id=\"block-4\" class=\"widget widget_block\"><div class=\"zita-widget-content\">\n<div class=\"wp-block-group is-layout-flow wp-block-group-is-layout-flow\">\n<h2 class=\"wp-block-heading\">Comentarios recientes<\/h2>\n\n\n<div class=\"no-comments wp-block-latest-comments\">No hay comentarios que mostrar.<\/div><\/div>\n<\/div><\/section><section id=\"block-5\" class=\"widget widget_block\"><div class=\"zita-widget-content\">\n<div class=\"wp-block-group is-layout-flow wp-block-group-is-layout-flow\"><\/div>\n<\/div><\/section><section id=\"block-6\" class=\"widget widget_block\"><div class=\"zita-widget-content\">\n<div class=\"wp-block-group is-layout-flow wp-block-group-is-layout-flow\"><\/div>\n<\/div><\/section>\t\t\t\t<\/div>\n\t\t\t\t<\/div>\n\t\t\t\t\t<\/div>\n\t\t<\/div>\n\t\t\t\t\t<\/div>\n\t\t<\/section>\n\t\t\t\t<\/div>\n\t\t","protected":false},"excerpt":{"rendered":"<p>Con la suscripci\u00f3n de un convenio de cooperaci\u00f3n interinstitucional, el director ejecutivo de la Comisi\u00f3n Presidencial por la Paz y los Derechos Humanos -COPADEH- Ramiro Alejando Contreras Escobar y el gerente del Instituto Nacional de Administraci\u00f3n P\u00fablica -INAP- Alvaro D\u00edaz Coronado, oficializaron la alianza estrat\u00e9gica que tiene como objetivo facilitar la implementaci\u00f3n de un plan de formaci\u00f3n y capacitaci\u00f3n en materia de Derechos Humanos y el fomento de la cultura de paz.\u00a0D\u00edaz Coronado, destac\u00f3 lo que puede lograrse cuando se trabaja de forma articulada, respetando la rector\u00eda de cada una de las instituciones \u201cCOPADEH naci\u00f3 y se ha desarrollado de forma correcta, felicito a sus autoridades por la visi\u00f3n estrat\u00e9gica tan noble hacia la formaci\u00f3n y privilegiar las capacidades individuales de los Servidores P\u00fablicos para poder generar capacidades institucionales\u201dLos Servidores P\u00fablicos son el medio para lograr prestar servicios de calidad al ciudadano, que es lo que mueve la Administraci\u00f3n P\u00fablica. Puntualiz\u00f3, indicando que el Instituto Nacional de Administraci\u00f3n P\u00fablica pondr\u00e1 todo su expertise al servicio de la Comisi\u00f3n para desarrollar un proceso de fortalecimiento institucional, formaci\u00f3n gradual y continua.\u00a0El Director Ejecutivo de COPADEH por su parte se\u00f1al\u00f3 que, gracias a este tipo de articulaciones estrat\u00e9gicas interinstitucionales, la COPADEH innovar\u00e1 sus funciones institucionales, apegadas a mecanismos eficaces, modernos, transparentes y competentes para optimizar la gesti\u00f3n p\u00fablica guatemalteca, en materia de Derechos Humanos, prevenci\u00f3n y atenci\u00f3n a la conflictividad y el fomento de\u00a0 una cultura de paz.\u00a0 Adem\u00e1s, agradeci\u00f3 al INAP, por la confianza depositada en la COPADEH.\u00a0En la actividad se cont\u00f3 con la presencia de Edy Mauricio Cano Cassiano, subdirector Ejecutivo de COPADEH, Nery D\u00edaz Coronado, subgerente del INAP, directores y jefes tanto de INAP como de COPADEH.\u00a0\u00a0Guatemala, 24 de mayo de 2023<\/p>\n","protected":false},"author":6,"featured_media":6234,"comment_status":"open","ping_status":"open","sticky":false,"template":"elementor_header_footer","format":"standard","meta":{"_view_id":"","_EventAllDay":false,"_EventTimezone":"","_EventStartDate":"","_EventEndDate":"","_EventStartDateUTC":"","_EventEndDateUTC":"","_EventShowMap":false,"_EventShowMapLink":false,"_EventURL":"","_EventCost":"","_EventCostDescription":"","_EventCurrencySymbol":"","_EventCurrencyCode":"","_EventCurrencyPosition":"","_EventDateTimeSeparator":"","_EventTimeRangeSeparator":"","_EventOrganizerID":[],"_EventVenueID":[],"_OrganizerEmail":"","_OrganizerPhone":"","_OrganizerWebsite":"","_VenueAddress":"","_VenueCity":"","_VenueCountry":"","_VenueProvince":"","_VenueState":"","_VenueZip":"","_VenuePhone":"","_VenueURL":"","_VenueStateProvince":"","_VenueLat":"","_VenueLng":"","_VenueShowMap":false,"_VenueShowMapLink":false,"footnotes":""},"categories":[23,22,5,20],"tags":[],"class_list":["post-6232","post","type-post","status-publish","format-standard","has-post-thumbnail","hentry","category-agosto-2","category-julio-2","category-noticias","category-principal"],"aioseo_notices":[],"rise-blocks_total_comments":0,"rise-blocks_categories":[{"term_id":23,"name":"Agosto","slug":"agosto-2","term_group":0,"term_taxonomy_id":23,"taxonomy":"category","description":"","parent":0,"count":32,"filter":"raw","cat_ID":23,"category_count":32,"category_description":"","cat_name":"Agosto","category_nicename":"agosto-2","category_parent":0},{"term_id":22,"name":"Julio","slug":"julio-2","term_group":0,"term_taxonomy_id":22,"taxonomy":"category","description":"","parent":0,"count":32,"filter":"raw","cat_ID":22,"category_count":32,"category_description":"","cat_name":"Julio","category_nicename":"julio-2","category_parent":0},{"term_id":5,"name":"Noticias","slug":"noticias","term_group":0,"term_taxonomy_id":5,"taxonomy":"category","description":"","parent":0,"count":70,"filter":"raw","cat_ID":5,"category_count":70,"category_description":"","cat_name":"Noticias","category_nicename":"noticias","category_parent":0},{"term_id":20,"name":"Principal","slug":"principal","term_group":0,"term_taxonomy_id":20,"taxonomy":"category","description":"","parent":0,"count":70,"filter":"raw","cat_ID":20,"category_count":70,"category_description":"","cat_name":"Principal","category_nicename":"principal","category_parent":0}],"rise-blocks_excerpt":"Con la suscripci\u00f3n de un convenio de cooperaci\u00f3n interinstitucional, el director ejecutivo de la Comisi\u00f3n Presidencial por la Paz y los Derechos Humanos -COPADEH- Ramiro Alejando Contreras Escobar y el gerente del Instituto Nacional de Administraci\u00f3n P\u00fablica -INAP- Alvaro D\u00edaz Coronado, oficializaron la alianza estrat\u00e9gica que tiene como objetivo facilitar la implementaci\u00f3n de un plan de formaci\u00f3n y capacitaci\u00f3n en..","views":2843,"_links":{"self":[{"href":"https:\/\/inap.gob.gt\/web\/wp-json\/wp\/v2\/posts\/6232","targetHints":{"allow":["GET"]}}],"collection":[{"href":"https:\/\/inap.gob.gt\/web\/wp-json\/wp\/v2\/posts"}],"about":[{"href":"https:\/\/inap.gob.gt\/web\/wp-json\/wp\/v2\/types\/post"}],"author":[{"embeddable":true,"href":"https:\/\/inap.gob.gt\/web\/wp-json\/wp\/v2\/users\/6"}],"replies":[{"embeddable":true,"href":"https:\/\/inap.gob.gt\/web\/wp-json\/wp\/v2\/comments?post=6232"}],"version-history":[{"count":7,"href":"https:\/\/inap.gob.gt\/web\/wp-json\/wp\/v2\/posts\/6232\/revisions"}],"predecessor-version":[{"id":6243,"href":"https:\/\/inap.gob.gt\/web\/wp-json\/wp\/v2\/posts\/6232\/revisions\/6243"}],"wp:featuredmedia":[{"embeddable":true,"href":"https:\/\/inap.gob.gt\/web\/wp-json\/wp\/v2\/media\/6234"}],"wp:attachment":[{"href":"https:\/\/inap.gob.gt\/web\/wp-json\/wp\/v2\/media?parent=6232"}],"wp:term":[{"taxonomy":"category","embeddable":true,"href":"https:\/\/inap.gob.gt\/web\/wp-json\/wp\/v2\/categories?post=6232"},{"taxonomy":"post_tag","embeddable":true,"href":"https:\/\/inap.gob.gt\/web\/wp-json\/wp\/v2\/tags?post=6232"}],"curies":[{"name":"wp","href":"https:\/\/api.w.org\/{rel}","templated":true}]}}