{"id":13539,"date":"2025-06-20T13:00:45","date_gmt":"2025-06-20T07:00:45","guid":{"rendered":"https:\/\/inap.gob.gt\/web\/?p=13539"},"modified":"2025-07-12T00:23:22","modified_gmt":"2025-07-11T18:23:22","slug":"concluyen-decima-jornada-de-curso-y-certificacion-de-asesores-juridicos","status":"publish","type":"post","link":"https:\/\/inap.gob.gt\/web\/concluyen-decima-jornada-de-curso-y-certificacion-de-asesores-juridicos\/","title":{"rendered":"Concluyen d\u00e9cima jornada de curso y certificaci\u00f3n de asesores jur\u00eddicos"},"content":{"rendered":"\t\t<div data-elementor-type=\"wp-post\" data-elementor-id=\"13539\" class=\"elementor elementor-13539\" data-elementor-post-type=\"post\">\n\t\t\t\t<div class=\"elementor-element elementor-element-0edc5bd e-con-full e-flex wpr-particle-no wpr-jarallax-no wpr-parallax-no wpr-sticky-section-no wpr-column-slider-no wpr-equal-height-no e-con e-parent\" data-id=\"0edc5bd\" data-element_type=\"container\" data-e-type=\"container\" data-settings=\"{&quot;background_background&quot;:&quot;classic&quot;}\">\n\t\t\t\t<div class=\"elementor-element elementor-element-8117cde elementor-widget elementor-widget-shortcode\" data-id=\"8117cde\" data-element_type=\"widget\" data-e-type=\"widget\" data-widget_type=\"shortcode.default\">\n\t\t\t\t<div class=\"elementor-widget-container\">\n\t\t\t\t\t\t\t<div class=\"elementor-shortcode\">\t\t<div data-elementor-type=\"wp-post\" data-elementor-id=\"9326\" class=\"elementor elementor-9326\" data-elementor-post-type=\"elementor-hf\">\n\t\t\t\t<div class=\"elementor-element elementor-element-723c1d5 e-flex e-con-boxed wpr-particle-no wpr-jarallax-no wpr-parallax-no wpr-sticky-section-no wpr-column-slider-no wpr-equal-height-no e-con e-parent\" data-id=\"723c1d5\" data-element_type=\"container\" data-e-type=\"container\" data-settings=\"{&quot;background_background&quot;:&quot;classic&quot;}\">\n\t\t\t\t\t<div class=\"e-con-inner\">\n\t\t<div class=\"elementor-element elementor-element-0a28789 e-con-full e-flex wpr-particle-no wpr-jarallax-no wpr-parallax-no wpr-sticky-section-no wpr-column-slider-no wpr-equal-height-no e-con e-child\" data-id=\"0a28789\" data-element_type=\"container\" data-e-type=\"container\">\n\t\t\t\t<div class=\"elementor-element elementor-element-6e712a0 elementor-widget elementor-widget-image\" data-id=\"6e712a0\" data-element_type=\"widget\" data-e-type=\"widget\" data-widget_type=\"image.default\">\n\t\t\t\t<div class=\"elementor-widget-container\">\n\t\t\t\t\t\t\t\t\t\t\t\t\t\t\t\t<a href=\"https:\/\/inap.gob.gt\/\">\n\t\t\t\t\t\t\t<img decoding=\"async\" width=\"300\" height=\"103\" src=\"https:\/\/inap.gob.gt\/web\/wp-content\/uploads\/2024\/05\/Instittuto-Nacional-de-Administracion-Publica-INAP-02-300x103.png\" class=\"attachment-medium size-medium wp-image-9192\" alt=\"\" srcset=\"https:\/\/inap.gob.gt\/web\/wp-content\/uploads\/2024\/05\/Instittuto-Nacional-de-Administracion-Publica-INAP-02-300x103.png 300w, https:\/\/inap.gob.gt\/web\/wp-content\/uploads\/2024\/05\/Instittuto-Nacional-de-Administracion-Publica-INAP-02-1024x351.png 1024w, https:\/\/inap.gob.gt\/web\/wp-content\/uploads\/2024\/05\/Instittuto-Nacional-de-Administracion-Publica-INAP-02-768x263.png 768w, https:\/\/inap.gob.gt\/web\/wp-content\/uploads\/2024\/05\/Instittuto-Nacional-de-Administracion-Publica-INAP-02.png 1459w\" sizes=\"(max-width: 300px) 100vw, 300px\" \/>\t\t\t\t\t\t\t\t<\/a>\n\t\t\t\t\t\t\t\t\t\t\t\t\t\t\t<\/div>\n\t\t\t\t<\/div>\n\t\t\t\t<\/div>\n\t\t<div class=\"elementor-element elementor-element-7f23a60 e-con-full e-flex wpr-particle-no wpr-jarallax-no wpr-parallax-no wpr-sticky-section-no wpr-column-slider-no wpr-equal-height-no e-con e-child\" data-id=\"7f23a60\" data-element_type=\"container\" data-e-type=\"container\">\n\t\t\t\t<div class=\"elementor-element elementor-element-fd95f4a eael-hamburger--mobile eael_simple_menu_hamburger_disable_selected_menu_no eael-simple-menu-hamburger-align-right eael-simple-menu-link-full-width elementor-widget elementor-widget-eael-simple-menu\" data-id=\"fd95f4a\" data-element_type=\"widget\" data-e-type=\"widget\" data-widget_type=\"eael-simple-menu.default\">\n\t\t\t\t<div class=\"elementor-widget-container\">\n\t\t\t\t\t<style>\n                        @media screen and (max-width: 767px) {\n                            .eael-hamburger--mobile {\n                                .eael-simple-menu-horizontal,\n                                .eael-simple-menu-vertical {\n                                    display: none;\n                                }\n                            }\n                            .eael-hamburger--mobile {\n                                .eael-simple-menu-container .eael-simple-menu-toggle {\n                                    display: block;\n                                }\n                            }\n                        }\n                        .eael-simple-menu-container.eael-simple-menu--loading > ul {\n                            display: -webkit-box !important;\n                            display: -ms-flexbox !important;\n                            display: flex !important;\n                            list-style: none !important;\n                        }\n                        .eael-simple-menu-container.eael-simple-menu--loading li ul {\n                            visibility: hidden !important;\n                            opacity: 0 !important;\n                        }\n                    <\/style>            <div data-hamburger-icon=\"&lt;i aria-hidden=&quot;true&quot; class=&quot;fas fa-bars&quot;&gt;&lt;\/i&gt;\" data-indicator-icon=\"&lt;i aria-hidden=&quot;true&quot; class=&quot;fas fa-angle-down&quot;&gt;&lt;\/i&gt;\" data-dropdown-indicator-icon=\"&lt;i class=&quot;fas fa-angle-down&quot;&gt;&lt;\/i&gt;\" class=\"eael-simple-menu-container eael-simple-menu--loading eael-simple-menu-align-right eael-simple-menu--stretch eael-simple-menu-dropdown-align-left preset-1 eael-simple-menu-link-full-width\" data-hamburger-breakpoints=\"{&quot;mobile&quot;:&quot;M\\u00f3vil vertical (&gt; 767px)&quot;,&quot;tablet&quot;:&quot;Tableta vertical (&gt; 1024px)&quot;,&quot;desktop&quot;:&quot;Escritorio (&gt; 2400px)&quot;,&quot;none&quot;:&quot;Ninguno&quot;}\" data-hamburger-device=\"mobile\">\n                <ul id=\"menu-menu-new\" class=\"eael-simple-menu eael-simple-menu-dropdown-animate-to-top eael-simple-menu-indicator eael-simple-menu-horizontal\"><li id=\"menu-item-13215\" class=\"menu-item menu-item-type-custom menu-item-object-custom menu-item-13215\"><a href=\"https:\/\/inap.gob.gt\">Inicio<\/a><\/li>\n<li id=\"menu-item-10852\" class=\"menu-item menu-item-type-post_type menu-item-object-page menu-item-10852\"><a href=\"https:\/\/inap.gob.gt\/web\/quienes-somos\/\">\u00bfQui\u00e9nes somos?<\/a><\/li>\n<li id=\"menu-item-12165\" class=\"menu-item menu-item-type-post_type menu-item-object-page menu-item-12165\"><a href=\"https:\/\/inap.gob.gt\/web\/delegaciones\/\">Delegaciones<\/a><\/li>\n<li id=\"menu-item-10854\" class=\"menu-item menu-item-type-custom menu-item-object-custom menu-item-10854\"><a href=\"https:\/\/inap.gob.gt\/web\/transparencia-3\/\">Transparencia<\/a><\/li>\n<li id=\"menu-item-13515\" class=\"menu-item menu-item-type-custom menu-item-object-custom menu-item-13515\"><a href=\"https:\/\/inap.gob.gt\/web\/noticias\/\">Noticias<\/a><\/li>\n<li id=\"menu-item-10856\" class=\"menu-item menu-item-type-custom menu-item-object-custom menu-item-10856\"><a href=\"https:\/\/inap.gob.gt\/app\/\">Ver cursos<\/a><\/li>\n<\/ul>                <button class=\"eael-simple-menu-toggle\">\n                    <span class=\"sr-only \">Men\u00fa conmutador hamburguesa<\/span>\n                    <i aria-hidden=\"true\" class=\"fas fa-bars\"><\/i>                <\/button>\n            <\/div>\n            \t\t\t\t<\/div>\n\t\t\t\t<\/div>\n\t\t\t\t<\/div>\n\t\t\t\t\t<\/div>\n\t\t\t\t<\/div>\n\t\t\t\t<\/div>\n\t\t<\/div>\n\t\t\t\t\t\t<\/div>\n\t\t\t\t<\/div>\n\t\t\t\t<\/div>\n\t\t\t\t<section class=\"elementor-section elementor-top-section elementor-element elementor-element-896fbd1 elementor-section-full_width elementor-section-height-default elementor-section-height-default wpr-particle-no wpr-jarallax-no wpr-parallax-no wpr-sticky-section-no wpr-column-slider-no wpr-equal-height-no\" data-id=\"896fbd1\" data-element_type=\"section\" data-e-type=\"section\">\n\t\t\t\t\t\t<div class=\"elementor-container elementor-column-gap-no\">\n\t\t\t\t\t<div class=\"elementor-column elementor-col-100 elementor-top-column elementor-element elementor-element-49e277c\" data-id=\"49e277c\" data-element_type=\"column\" data-e-type=\"column\">\n\t\t\t<div class=\"elementor-widget-wrap elementor-element-populated\">\n\t\t\t\t\t\t<div class=\"elementor-element elementor-element-3903abd elementor-widget__width-initial elementor-widget elementor-widget-image\" data-id=\"3903abd\" data-element_type=\"widget\" data-e-type=\"widget\" data-widget_type=\"image.default\">\n\t\t\t\t<div class=\"elementor-widget-container\">\n\t\t\t\t\t\t\t\t\t\t\t\t\t\t\t<img fetchpriority=\"high\" decoding=\"async\" width=\"2560\" height=\"523\" src=\"https:\/\/inap.gob.gt\/web\/wp-content\/uploads\/2025\/06\/CURSO-ASESORES-JURIDICOS-scaled.jpg\" class=\"attachment-full size-full wp-image-13542\" alt=\"\" srcset=\"https:\/\/inap.gob.gt\/web\/wp-content\/uploads\/2025\/06\/CURSO-ASESORES-JURIDICOS-scaled.jpg 2560w, https:\/\/inap.gob.gt\/web\/wp-content\/uploads\/2025\/06\/CURSO-ASESORES-JURIDICOS-300x61.jpg 300w, https:\/\/inap.gob.gt\/web\/wp-content\/uploads\/2025\/06\/CURSO-ASESORES-JURIDICOS-1024x209.jpg 1024w, https:\/\/inap.gob.gt\/web\/wp-content\/uploads\/2025\/06\/CURSO-ASESORES-JURIDICOS-768x157.jpg 768w, https:\/\/inap.gob.gt\/web\/wp-content\/uploads\/2025\/06\/CURSO-ASESORES-JURIDICOS-1536x314.jpg 1536w, https:\/\/inap.gob.gt\/web\/wp-content\/uploads\/2025\/06\/CURSO-ASESORES-JURIDICOS-2048x418.jpg 2048w\" sizes=\"(max-width: 2560px) 100vw, 2560px\" \/>\t\t\t\t\t\t\t\t\t\t\t\t\t\t\t<\/div>\n\t\t\t\t<\/div>\n\t\t\t\t\t<\/div>\n\t\t<\/div>\n\t\t\t\t\t<\/div>\n\t\t<\/section>\n\t\t\t\t<section class=\"elementor-section elementor-top-section elementor-element elementor-element-6659dbc elementor-section-boxed elementor-section-height-default elementor-section-height-default wpr-particle-no wpr-jarallax-no wpr-parallax-no wpr-sticky-section-no wpr-column-slider-no wpr-equal-height-no\" data-id=\"6659dbc\" data-element_type=\"section\" data-e-type=\"section\">\n\t\t\t\t\t\t<div class=\"elementor-container elementor-column-gap-default\">\n\t\t\t\t\t<div class=\"elementor-column elementor-col-66 elementor-top-column elementor-element elementor-element-f924559\" data-id=\"f924559\" data-element_type=\"column\" data-e-type=\"column\">\n\t\t\t<div class=\"elementor-widget-wrap elementor-element-populated\">\n\t\t\t\t\t\t<div class=\"elementor-element elementor-element-b54749c elementor-widget__width-initial elementor-widget elementor-widget-text-editor\" data-id=\"b54749c\" data-element_type=\"widget\" data-e-type=\"widget\" data-widget_type=\"text-editor.default\">\n\t\t\t\t<div class=\"elementor-widget-container\">\n\t\t\t\t\t\t\t\t\t<p><span style=\"font-size: 16px\">Guatemala, 20 de junio de 2025<\/span><\/p><p><span style=\"font-size: 16px\">\u00a0<\/span><\/p><p>M\u00e1s de 70 profesionales del Derecho, provenientes de 19 instituciones, participan en el curso y certificaci\u00f3n dirigido a los asesores jur\u00eddicos del Organismo Ejecutivo, cuya d\u00e9cima jornada se efectu\u00f3 esta semana en modalidad virtual, con la participaci\u00f3n de expertos nacionales e internacionales.<\/p><p>\u00a0<\/p><p>Durante la sesi\u00f3n se analizaron disposiciones contenidas en el Decreto 101-97, del Congreso de la Rep\u00fablica; el Decreto 36-2024 sobre el Presupuesto General del Estado para el ejercicio fiscal 2025, y la Ley de Contrataciones del Estado, Decreto 57-92, entre otras regulaciones aplicables.<\/p><p>\u00a0<\/p>\t\t\t\t\t\t\t\t<\/div>\n\t\t\t\t<\/div>\n\t\t\t\t<div class=\"elementor-element elementor-element-af2c6de elementor-widget elementor-widget-image-gallery\" data-id=\"af2c6de\" data-element_type=\"widget\" data-e-type=\"widget\" data-widget_type=\"image-gallery.default\">\n\t\t\t\t<div class=\"elementor-widget-container\">\n\t\t\t\t\t\t\t<div class=\"elementor-image-gallery\">\n\t\t\t<div id='gallery-1' class='gallery galleryid-13539 gallery-columns-2 gallery-size-medium'><figure class='gallery-item'>\n\t\t\t<div class='gallery-icon landscape'>\n\t\t\t\t<a data-elementor-open-lightbox=\"yes\" data-elementor-lightbox-slideshow=\"af2c6de\" data-elementor-lightbox-title=\"Captura de pantalla 2025-06-19 a la(s) 10.06.22\" data-e-action-hash=\"#elementor-action%3Aaction%3Dlightbox%26settings%3DeyJpZCI6MTM1NDQsInVybCI6Imh0dHBzOlwvXC9pbmFwLmdvYi5ndFwvd2ViXC93cC1jb250ZW50XC91cGxvYWRzXC8yMDI1XC8wNlwvQ2FwdHVyYS1kZS1wYW50YWxsYS0yMDI1LTA2LTE5LWEtbGFzLTEwLjA2LjIyLXNjYWxlZC5wbmciLCJzbGlkZXNob3ciOiJhZjJjNmRlIn0%3D\" href='https:\/\/inap.gob.gt\/web\/wp-content\/uploads\/2025\/06\/Captura-de-pantalla-2025-06-19-a-las-10.06.22-scaled.png'><img decoding=\"async\" width=\"300\" height=\"143\" src=\"https:\/\/inap.gob.gt\/web\/wp-content\/uploads\/2025\/06\/Captura-de-pantalla-2025-06-19-a-las-10.06.22-300x143.png\" class=\"attachment-medium size-medium\" alt=\"\" srcset=\"https:\/\/inap.gob.gt\/web\/wp-content\/uploads\/2025\/06\/Captura-de-pantalla-2025-06-19-a-las-10.06.22-300x143.png 300w, https:\/\/inap.gob.gt\/web\/wp-content\/uploads\/2025\/06\/Captura-de-pantalla-2025-06-19-a-las-10.06.22-1024x488.png 1024w, https:\/\/inap.gob.gt\/web\/wp-content\/uploads\/2025\/06\/Captura-de-pantalla-2025-06-19-a-las-10.06.22-768x366.png 768w, https:\/\/inap.gob.gt\/web\/wp-content\/uploads\/2025\/06\/Captura-de-pantalla-2025-06-19-a-las-10.06.22-1536x733.png 1536w, https:\/\/inap.gob.gt\/web\/wp-content\/uploads\/2025\/06\/Captura-de-pantalla-2025-06-19-a-las-10.06.22-2048x977.png 2048w\" sizes=\"(max-width: 300px) 100vw, 300px\" \/><\/a>\n\t\t\t<\/div><\/figure><figure class='gallery-item'>\n\t\t\t<div class='gallery-icon landscape'>\n\t\t\t\t<a data-elementor-open-lightbox=\"yes\" data-elementor-lightbox-slideshow=\"af2c6de\" data-elementor-lightbox-title=\"Captura de pantalla 2025-06-19 a la(s) 11.41.05\" data-e-action-hash=\"#elementor-action%3Aaction%3Dlightbox%26settings%3DeyJpZCI6MTM1NDUsInVybCI6Imh0dHBzOlwvXC9pbmFwLmdvYi5ndFwvd2ViXC93cC1jb250ZW50XC91cGxvYWRzXC8yMDI1XC8wNlwvQ2FwdHVyYS1kZS1wYW50YWxsYS0yMDI1LTA2LTE5LWEtbGFzLTExLjQxLjA1LXNjYWxlZC5wbmciLCJzbGlkZXNob3ciOiJhZjJjNmRlIn0%3D\" href='https:\/\/inap.gob.gt\/web\/wp-content\/uploads\/2025\/06\/Captura-de-pantalla-2025-06-19-a-las-11.41.05-scaled.png'><img loading=\"lazy\" decoding=\"async\" width=\"300\" height=\"143\" src=\"https:\/\/inap.gob.gt\/web\/wp-content\/uploads\/2025\/06\/Captura-de-pantalla-2025-06-19-a-las-11.41.05-300x143.png\" class=\"attachment-medium size-medium\" alt=\"\" srcset=\"https:\/\/inap.gob.gt\/web\/wp-content\/uploads\/2025\/06\/Captura-de-pantalla-2025-06-19-a-las-11.41.05-300x143.png 300w, https:\/\/inap.gob.gt\/web\/wp-content\/uploads\/2025\/06\/Captura-de-pantalla-2025-06-19-a-las-11.41.05-1024x488.png 1024w, https:\/\/inap.gob.gt\/web\/wp-content\/uploads\/2025\/06\/Captura-de-pantalla-2025-06-19-a-las-11.41.05-768x366.png 768w, https:\/\/inap.gob.gt\/web\/wp-content\/uploads\/2025\/06\/Captura-de-pantalla-2025-06-19-a-las-11.41.05-1536x733.png 1536w, https:\/\/inap.gob.gt\/web\/wp-content\/uploads\/2025\/06\/Captura-de-pantalla-2025-06-19-a-las-11.41.05-2048x977.png 2048w\" sizes=\"(max-width: 300px) 100vw, 300px\" \/><\/a>\n\t\t\t<\/div><\/figure>\n\t\t<\/div>\n\t\t<\/div>\n\t\t\t\t\t\t<\/div>\n\t\t\t\t<\/div>\n\t\t\t\t<div class=\"elementor-element elementor-element-1c2b483 elementor-widget__width-initial elementor-widget elementor-widget-text-editor\" data-id=\"1c2b483\" data-element_type=\"widget\" data-e-type=\"widget\" data-widget_type=\"text-editor.default\">\n\t\t\t\t<div class=\"elementor-widget-container\">\n\t\t\t\t\t\t\t\t\t<p>Entre los participantes se cont\u00f3 con representantes de organismos internacionales y de la Oficina del Alto Comisionado de las Naciones Unidas para los Derechos Humanos (OACNUDH), quienes abordaron temas vinculados al Derecho Administrativo y al marco normativo de la Gesti\u00f3n P\u00fablica.<\/p><p>\u00a0<\/p><p>En la actualidad, se encuentra en desarrollo el M\u00f3dulo II del curso, enfocado en el marco legal y normativo de la Administraci\u00f3n P\u00fablica guatemalteca, tras haberse concluido la fase de introducci\u00f3n.<\/p><p>\u00a0<\/p><p>El curso y certificaci\u00f3n es un esfuerzo conjunto del #INAPGuatemala, la Procuradur\u00eda General de la Naci\u00f3n, la Secretar\u00eda General de la Presidencia y la Oficina Nacional de Servicio Civil, con el acompa\u00f1amiento t\u00e9cnico del Ministerio de Finanzas P\u00fablicas.<\/p><p>\u00a0<\/p>\t\t\t\t\t\t\t\t<\/div>\n\t\t\t\t<\/div>\n\t\t\t\t\t<\/div>\n\t\t<\/div>\n\t\t\t\t<div class=\"elementor-column elementor-col-33 elementor-top-column elementor-element elementor-element-3b0a0f8\" data-id=\"3b0a0f8\" data-element_type=\"column\" data-e-type=\"column\">\n\t\t\t<div class=\"elementor-widget-wrap elementor-element-populated\">\n\t\t\t\t\t\t<div class=\"elementor-element elementor-element-eeffc8c elementor-widget__width-initial elementor-widget elementor-widget-sidebar\" data-id=\"eeffc8c\" data-element_type=\"widget\" data-e-type=\"widget\" data-widget_type=\"sidebar.default\">\n\t\t\t\t<div class=\"elementor-widget-container\">\n\t\t\t\t\t<section id=\"block-7\" class=\"widget widget_block widget_text\"><div class=\"zita-widget-content\">\n<p class=\"wp-block-paragraph\"><\/p>\n<\/div><\/section><section id=\"block-9\" class=\"widget widget_block\"><div class=\"zita-widget-content\">\n<div class=\"wp-block-ultimate-post-post-grid-parent ultp-post-grid-parent\" data-postid=\"\" data-grids=\"[{&quot;blockId&quot;:&quot;5806cf&quot;,&quot;name&quot;:&quot;ultimate-post_post-grid-2&quot;}]\" data-pagi=\"[]\"><div  class=\"ultp-post-grid-block wp-block-ultimate-post-post-grid-2 ultp-block-5806cf \"><div class=\"ultp-block-wrapper\" ><div class=\"ultp-loading\"><div class=\"ultp-loading-blocks\" style=\"width:100%;height:100%;\"><div style=\"left: 0;top: 0;animation-delay:0s;\"><\/div><div style=\"left: 21px;top: 0;animation-delay:0.125s;\"><\/div><div style=\"left: 42px;top: 0;animation-delay:0.25s;\"><\/div><div style=\"left: 0;top: 21px;animation-delay:0.875s;\"><\/div><div style=\"left: 42px;top: 21px;animation-delay:0.375s;\"><\/div><div style=\"left: 0;top: 42px;animation-delay:0.75s;\"><\/div><div style=\"left: 42px;top: 42px;animation-delay:0.625s;\"><\/div><div style=\"left: 21px;top: 42px;animation-delay:0.5s;\"><\/div><\/div><\/div><div class=\"ultp-block-items-wrap ultp-block-row\"><section class=\"ultp-block-item post-id-15838\"><div class=\"ultp-block-content-wrap ultp-block-content-overlay\"><div class=\"ultp-block-image ultp-block-image-none\"><a href=\"https:\/\/inap.gob.gt\/web\/inap-promueve-una-gestion-publica-basada-en-evidencia\/\" ><img decoding=\"async\"  alt=\"INAP promueve una gesti\u00f3n p\u00fablica basada en evidencia\"  src=\"https:\/\/inap.gob.gt\/web\/wp-content\/uploads\/2026\/07\/BANNER-MINI-INAUGURACION-DIPLO-SEG-Y-EV.jpg\" \/><\/a><\/div><div class=\"ultp-block-content ultp-block-content-bottomPosition\"><div class=\"ultp-block-content-inner\"><div class=\"ultp-block-readmore\"><a aria-label=\"INAP promueve una gesti\u00f3n p\u00fablica basada en evidencia\" href=\"https:\/\/inap.gob.gt\/web\/inap-promueve-una-gestion-publica-basada-en-evidencia\/\" >Leer m\u00e1s<svg xmlns=\"http:\/\/www.w3.org\/2000\/svg\" fill=\"none\" viewBox=\"0 0 24 24\">\n  <path stroke=\"currentColor\" stroke-linecap=\"round\" stroke-linejoin=\"round\" stroke-width=\"1.5\" d=\"m12 20.5 8.5-8.5m0 0L12 3.5m8.5 8.5h-17\"\/>\n<\/svg>\n<\/a><\/div><\/div><\/div><\/div><\/section><section class=\"ultp-block-item post-id-15922\"><div class=\"ultp-block-content-wrap ultp-block-content-overlay\"><div class=\"ultp-block-image ultp-block-image-none\"><a href=\"https:\/\/inap.gob.gt\/web\/taller-promueve-el-uso-de-indicadores-en-la-gestion-municipal\/\" ><img decoding=\"async\"  alt=\"Taller promueve el uso de indicadores en la gesti\u00f3n municipal\"  src=\"https:\/\/inap.gob.gt\/web\/wp-content\/uploads\/2026\/08\/NOTICIA-PEQUEN\u0303A-FRAY.png\" \/><\/a><\/div><div class=\"ultp-block-content ultp-block-content-bottomPosition\"><div class=\"ultp-block-content-inner\"><div class=\"ultp-block-readmore\"><a aria-label=\"Taller promueve el uso de indicadores en la gesti\u00f3n municipal\" href=\"https:\/\/inap.gob.gt\/web\/taller-promueve-el-uso-de-indicadores-en-la-gestion-municipal\/\" >Leer m\u00e1s<svg xmlns=\"http:\/\/www.w3.org\/2000\/svg\" fill=\"none\" viewBox=\"0 0 24 24\">\n  <path stroke=\"currentColor\" stroke-linecap=\"round\" stroke-linejoin=\"round\" stroke-width=\"1.5\" d=\"m12 20.5 8.5-8.5m0 0L12 3.5m8.5 8.5h-17\"\/>\n<\/svg>\n<\/a><\/div><\/div><\/div><\/div><\/section><section class=\"ultp-block-item post-id-15828\"><div class=\"ultp-block-content-wrap ultp-block-content-overlay\"><div class=\"ultp-block-image ultp-block-image-none\"><a href=\"https:\/\/inap.gob.gt\/web\/estrategia-digital-del-inap-amplia-alcance-de-formacion-y-oportunidades-laborales\/\" ><img decoding=\"async\"  alt=\"Estrategia digital del INAP ampl\u00eda alcance de formaci\u00f3n y oportunidades laborales\"  src=\"https:\/\/inap.gob.gt\/web\/wp-content\/uploads\/2026\/07\/BANNER-MINI-ESTRATEGIA-DIGITAL.jpg\" \/><\/a><\/div><div class=\"ultp-block-content ultp-block-content-bottomPosition\"><div class=\"ultp-block-content-inner\"><div class=\"ultp-block-readmore\"><a aria-label=\"Estrategia digital del INAP ampl\u00eda alcance de formaci\u00f3n y oportunidades laborales\" href=\"https:\/\/inap.gob.gt\/web\/estrategia-digital-del-inap-amplia-alcance-de-formacion-y-oportunidades-laborales\/\" >Leer m\u00e1s<svg xmlns=\"http:\/\/www.w3.org\/2000\/svg\" fill=\"none\" viewBox=\"0 0 24 24\">\n  <path stroke=\"currentColor\" stroke-linecap=\"round\" stroke-linejoin=\"round\" stroke-width=\"1.5\" d=\"m12 20.5 8.5-8.5m0 0L12 3.5m8.5 8.5h-17\"\/>\n<\/svg>\n<\/a><\/div><\/div><\/div><\/div><\/section><\/div><\/div><div class=\"pagination-block-html\" aria-hidden=\"true\" style=\"display: none;\"><\/div><\/div><\/div>\n<\/div><\/section><section id=\"block-4\" class=\"widget widget_block\"><div class=\"zita-widget-content\">\n<div class=\"wp-block-group is-layout-flow wp-block-group-is-layout-flow\">\n<h2 class=\"wp-block-heading\">Comentarios recientes<\/h2>\n\n\n<div class=\"no-comments wp-block-latest-comments\">No hay comentarios que mostrar.<\/div><\/div>\n<\/div><\/section><section id=\"block-5\" class=\"widget widget_block\"><div class=\"zita-widget-content\">\n<div class=\"wp-block-group is-layout-flow wp-block-group-is-layout-flow\"><\/div>\n<\/div><\/section><section id=\"block-6\" class=\"widget widget_block\"><div class=\"zita-widget-content\">\n<div class=\"wp-block-group is-layout-flow wp-block-group-is-layout-flow\"><\/div>\n<\/div><\/section>\t\t\t\t<\/div>\n\t\t\t\t<\/div>\n\t\t\t\t\t<\/div>\n\t\t<\/div>\n\t\t\t\t\t<\/div>\n\t\t<\/section>\n\t\t<div class=\"elementor-element elementor-element-ef7985d e-flex e-con-boxed wpr-particle-no wpr-jarallax-no wpr-parallax-no wpr-sticky-section-no wpr-column-slider-no wpr-equal-height-no elementor-invisible e-con e-parent\" data-id=\"ef7985d\" data-element_type=\"container\" data-e-type=\"container\" data-settings=\"{&quot;background_background&quot;:&quot;classic&quot;,&quot;animation&quot;:&quot;fadeIn&quot;,&quot;animation_delay&quot;:&quot;1000&quot;}\">\n\t\t\t\t\t<div class=\"e-con-inner\">\n\t\t<div class=\"elementor-element elementor-element-2cd5e28 e-con-full e-flex wpr-particle-no wpr-jarallax-no wpr-parallax-no wpr-sticky-section-no wpr-column-slider-no wpr-equal-height-no e-con e-child\" data-id=\"2cd5e28\" data-element_type=\"container\" data-e-type=\"container\">\n\t\t\t\t<div class=\"elementor-element elementor-element-4657d30 elementor-invisible elementor-widget elementor-widget-image\" data-id=\"4657d30\" data-element_type=\"widget\" data-e-type=\"widget\" data-settings=\"{&quot;_animation&quot;:&quot;fadeInLeft&quot;,&quot;_animation_delay&quot;:&quot;1100&quot;}\" data-widget_type=\"image.default\">\n\t\t\t\t<div class=\"elementor-widget-container\">\n\t\t\t\t\t\t\t\t\t\t\t\t\t\t\t<img decoding=\"async\" width=\"300\" height=\"103\" src=\"https:\/\/inap.gob.gt\/web\/wp-content\/uploads\/2024\/05\/Instittuto-Nacional-de-Administracion-Publica-INAP-02-300x103.png\" class=\"attachment-medium size-medium wp-image-9192\" alt=\"\" srcset=\"https:\/\/inap.gob.gt\/web\/wp-content\/uploads\/2024\/05\/Instittuto-Nacional-de-Administracion-Publica-INAP-02-300x103.png 300w, https:\/\/inap.gob.gt\/web\/wp-content\/uploads\/2024\/05\/Instittuto-Nacional-de-Administracion-Publica-INAP-02-1024x351.png 1024w, https:\/\/inap.gob.gt\/web\/wp-content\/uploads\/2024\/05\/Instittuto-Nacional-de-Administracion-Publica-INAP-02-768x263.png 768w, https:\/\/inap.gob.gt\/web\/wp-content\/uploads\/2024\/05\/Instittuto-Nacional-de-Administracion-Publica-INAP-02.png 1459w\" sizes=\"(max-width: 300px) 100vw, 300px\" \/>\t\t\t\t\t\t\t\t\t\t\t\t\t\t\t<\/div>\n\t\t\t\t<\/div>\n\t\t\t\t<\/div>\n\t\t<div class=\"elementor-element elementor-element-953c89f e-con-full e-flex wpr-particle-no wpr-jarallax-no wpr-parallax-no wpr-sticky-section-no wpr-column-slider-no wpr-equal-height-no e-con e-child\" data-id=\"953c89f\" data-element_type=\"container\" data-e-type=\"container\">\n\t\t\t\t<div class=\"elementor-element elementor-element-243da3e elementor-invisible elementor-widget elementor-widget-image\" data-id=\"243da3e\" data-element_type=\"widget\" data-e-type=\"widget\" data-settings=\"{&quot;_animation&quot;:&quot;fadeInUp&quot;,&quot;_animation_delay&quot;:&quot;1100&quot;}\" data-widget_type=\"image.default\">\n\t\t\t\t<div class=\"elementor-widget-container\">\n\t\t\t\t\t\t\t\t\t\t\t\t\t\t\t<img loading=\"lazy\" decoding=\"async\" width=\"640\" height=\"542\" src=\"https:\/\/inap.gob.gt\/web\/wp-content\/uploads\/2024\/06\/EDIFICIO-1024x867.png\" class=\"attachment-large size-large wp-image-9930\" alt=\"\" srcset=\"https:\/\/inap.gob.gt\/web\/wp-content\/uploads\/2024\/06\/EDIFICIO-1024x867.png 1024w, https:\/\/inap.gob.gt\/web\/wp-content\/uploads\/2024\/06\/EDIFICIO-300x254.png 300w, https:\/\/inap.gob.gt\/web\/wp-content\/uploads\/2024\/06\/EDIFICIO-768x651.png 768w, https:\/\/inap.gob.gt\/web\/wp-content\/uploads\/2024\/06\/EDIFICIO.png 1275w\" sizes=\"(max-width: 640px) 100vw, 640px\" \/>\t\t\t\t\t\t\t\t\t\t\t\t\t\t\t<\/div>\n\t\t\t\t<\/div>\n\t\t\t\t<\/div>\n\t\t<div class=\"elementor-element elementor-element-1ca17d5 e-con-full e-flex wpr-particle-no wpr-jarallax-no wpr-parallax-no wpr-sticky-section-no wpr-column-slider-no wpr-equal-height-no e-con e-child\" data-id=\"1ca17d5\" data-element_type=\"container\" data-e-type=\"container\">\n\t\t\t\t<div class=\"elementor-element elementor-element-a3128d3 elementor-invisible elementor-widget elementor-widget-heading\" data-id=\"a3128d3\" data-element_type=\"widget\" data-e-type=\"widget\" data-settings=\"{&quot;_animation&quot;:&quot;fadeInRight&quot;,&quot;_animation_delay&quot;:&quot;1100&quot;}\" data-widget_type=\"heading.default\">\n\t\t\t\t<div class=\"elementor-widget-container\">\n\t\t\t\t\t<h1 class=\"elementor-heading-title elementor-size-default\">S\u00edguenos en:<\/h1>\t\t\t\t<\/div>\n\t\t\t\t<\/div>\n\t\t\t\t<div class=\"elementor-element elementor-element-0fd7596 e-grid-align-right elementor-shape-rounded elementor-grid-0 elementor-invisible elementor-widget elementor-widget-social-icons\" data-id=\"0fd7596\" data-element_type=\"widget\" data-e-type=\"widget\" data-settings=\"{&quot;_animation&quot;:&quot;fadeInRight&quot;,&quot;_animation_delay&quot;:&quot;1200&quot;}\" data-widget_type=\"social-icons.default\">\n\t\t\t\t<div class=\"elementor-widget-container\">\n\t\t\t\t\t\t\t<div class=\"elementor-social-icons-wrapper elementor-grid\" role=\"list\">\n\t\t\t\t\t\t\t<span class=\"elementor-grid-item\" role=\"listitem\">\n\t\t\t\t\t<a class=\"elementor-icon elementor-social-icon elementor-social-icon-facebook elementor-animation-grow elementor-repeater-item-721cbec\" href=\"https:\/\/www.facebook.com\/INAPGuatemalaCA\" target=\"_blank\">\n\t\t\t\t\t\t<span class=\"elementor-screen-only\">Facebook<\/span>\n\t\t\t\t\t\t<i aria-hidden=\"true\" class=\"fab fa-facebook\"><\/i>\t\t\t\t\t<\/a>\n\t\t\t\t<\/span>\n\t\t\t\t\t\t\t<span class=\"elementor-grid-item\" role=\"listitem\">\n\t\t\t\t\t<a class=\"elementor-icon elementor-social-icon elementor-social-icon-instagram elementor-animation-grow elementor-repeater-item-af90ef9\" href=\"https:\/\/www.instagram.com\/inapgt?igsh=MXZwOXQxcG1qam9hNQ==\" target=\"_blank\">\n\t\t\t\t\t\t<span class=\"elementor-screen-only\">Instagram<\/span>\n\t\t\t\t\t\t<i aria-hidden=\"true\" class=\"fab fa-instagram\"><\/i>\t\t\t\t\t<\/a>\n\t\t\t\t<\/span>\n\t\t\t\t\t\t\t<span class=\"elementor-grid-item\" role=\"listitem\">\n\t\t\t\t\t<a class=\"elementor-icon elementor-social-icon elementor-social-icon-x-twitter elementor-animation-grow elementor-repeater-item-0fac4ed\" href=\"https:\/\/x.com\/inapguatemala?s=21&#038;t=Z4r2WZsUwPC0vZzUh4PRAg\" target=\"_blank\">\n\t\t\t\t\t\t<span class=\"elementor-screen-only\">X-twitter<\/span>\n\t\t\t\t\t\t<i aria-hidden=\"true\" class=\"fab fa-x-twitter\"><\/i>\t\t\t\t\t<\/a>\n\t\t\t\t<\/span>\n\t\t\t\t\t\t\t<span class=\"elementor-grid-item\" role=\"listitem\">\n\t\t\t\t\t<a class=\"elementor-icon elementor-social-icon elementor-social-icon-youtube elementor-animation-grow elementor-repeater-item-f7b3005\" href=\"https:\/\/youtube.com\/@inapguatemalaca?si=jjcek0MG5st1XKAe\" target=\"_blank\">\n\t\t\t\t\t\t<span class=\"elementor-screen-only\">Youtube<\/span>\n\t\t\t\t\t\t<i aria-hidden=\"true\" class=\"fab fa-youtube\"><\/i>\t\t\t\t\t<\/a>\n\t\t\t\t<\/span>\n\t\t\t\t\t\t\t<span class=\"elementor-grid-item\" role=\"listitem\">\n\t\t\t\t\t<a class=\"elementor-icon elementor-social-icon elementor-social-icon-spotify elementor-animation-grow elementor-repeater-item-eb9b224\" href=\"https:\/\/open.spotify.com\/show\/0pTao6IUeaSi2qkW50x5JB?si=c0a940b1cc9c41e2\" target=\"_blank\">\n\t\t\t\t\t\t<span class=\"elementor-screen-only\">Spotify<\/span>\n\t\t\t\t\t\t<i aria-hidden=\"true\" class=\"fab fa-spotify\"><\/i>\t\t\t\t\t<\/a>\n\t\t\t\t<\/span>\n\t\t\t\t\t\t\t<span class=\"elementor-grid-item\" role=\"listitem\">\n\t\t\t\t\t<a class=\"elementor-icon elementor-social-icon elementor-social-icon-linkedin elementor-animation-grow elementor-repeater-item-c70efc8\" href=\"https:\/\/gt.linkedin.com\/company\/inap-gt\" target=\"_blank\">\n\t\t\t\t\t\t<span class=\"elementor-screen-only\">Linkedin<\/span>\n\t\t\t\t\t\t<i aria-hidden=\"true\" class=\"fab fa-linkedin\"><\/i>\t\t\t\t\t<\/a>\n\t\t\t\t<\/span>\n\t\t\t\t\t\t\t<span class=\"elementor-grid-item\" role=\"listitem\">\n\t\t\t\t\t<a class=\"elementor-icon elementor-social-icon elementor-social-icon-tiktok elementor-animation-grow elementor-repeater-item-6f08823\" href=\"https:\/\/www.tiktok.com\/@inapguatemala?_t=8pbyxV0yj9a&#038;_r=1\" target=\"_blank\">\n\t\t\t\t\t\t<span class=\"elementor-screen-only\">Tiktok<\/span>\n\t\t\t\t\t\t<i aria-hidden=\"true\" class=\"fab fa-tiktok\"><\/i>\t\t\t\t\t<\/a>\n\t\t\t\t<\/span>\n\t\t\t\t\t<\/div>\n\t\t\t\t\t\t<\/div>\n\t\t\t\t<\/div>\n\t\t\t\t<div class=\"elementor-element elementor-element-66915d9 elementor-align-end elementor-icon-list--layout-traditional elementor-list-item-link-full_width elementor-invisible elementor-widget elementor-widget-icon-list\" data-id=\"66915d9\" data-element_type=\"widget\" data-e-type=\"widget\" data-settings=\"{&quot;_animation&quot;:&quot;fadeInRight&quot;,&quot;_animation_delay&quot;:&quot;1300&quot;}\" data-widget_type=\"icon-list.default\">\n\t\t\t\t<div class=\"elementor-widget-container\">\n\t\t\t\t\t\t\t<ul class=\"elementor-icon-list-items\">\n\t\t\t\t\t\t\t<li class=\"elementor-icon-list-item\">\n\t\t\t\t\t\t\t\t\t\t\t<span class=\"elementor-icon-list-icon\">\n\t\t\t\t\t\t\t<i aria-hidden=\"true\" class=\"fas fa-map-marker-alt\"><\/i>\t\t\t\t\t\t<\/span>\n\t\t\t\t\t\t\t\t\t\t<span class=\"elementor-icon-list-text\">Boulevard los pr\u00f3ceres 16-40 zona 10,<\/span>\n\t\t\t\t\t\t\t\t\t<\/li>\n\t\t\t\t\t\t\t\t<li class=\"elementor-icon-list-item\">\n\t\t\t\t\t\t\t\t\t\t<span class=\"elementor-icon-list-text\">Ciudad de Guatemala, Guatemala C.A.<\/span>\n\t\t\t\t\t\t\t\t\t<\/li>\n\t\t\t\t\t\t<\/ul>\n\t\t\t\t\t\t<\/div>\n\t\t\t\t<\/div>\n\t\t\t\t<div class=\"elementor-element elementor-element-e301e11 elementor-invisible elementor-widget elementor-widget-text-editor\" data-id=\"e301e11\" data-element_type=\"widget\" data-e-type=\"widget\" data-settings=\"{&quot;_animation&quot;:&quot;fadeInRight&quot;,&quot;_animation_delay&quot;:&quot;1400&quot;}\" data-widget_type=\"text-editor.default\">\n\t\t\t\t<div class=\"elementor-widget-container\">\n\t\t\t\t\t\t\t\t\t<p style=\"text-align: right\">  <i class=\"fa fa-volume-control-phone\" aria-hidden=\"true\"><\/i> 1559\u00a0 \u00a0<i class=\"fa fa-whatsapp\" aria-hidden=\"true\"><\/i> \n 2419-8181<\/p>\t\t\t\t\t\t\t\t<\/div>\n\t\t\t\t<\/div>\n\t\t\t\t<\/div>\n\t\t\t\t\t<\/div>\n\t\t\t\t<\/div>\n\t\t\t\t<\/div>\n\t\t","protected":false},"excerpt":{"rendered":"<p>Guatemala, 20 de junio de 2025\u00a0M\u00e1s de 70 profesionales del Derecho, provenientes de 19 instituciones, participan en el curso y certificaci\u00f3n dirigido a los asesores jur\u00eddicos del Organismo Ejecutivo, cuya d\u00e9cima jornada se efectu\u00f3 esta semana en modalidad virtual, con la participaci\u00f3n de expertos nacionales e internacionales.\u00a0Durante la sesi\u00f3n se analizaron disposiciones contenidas en el Decreto 101-97, del Congreso de la Rep\u00fablica; el Decreto 36-2024 sobre el Presupuesto General del Estado para el ejercicio fiscal 2025, y la Ley de Contrataciones del Estado, Decreto 57-92, entre otras regulaciones aplicables.\u00a0 Entre los participantes se cont\u00f3 con representantes de organismos internacionales y de la Oficina del Alto Comisionado de las Naciones Unidas para los Derechos Humanos (OACNUDH), quienes abordaron temas vinculados al Derecho Administrativo y al marco normativo de la Gesti\u00f3n P\u00fablica.\u00a0En la actualidad, se encuentra en desarrollo el M\u00f3dulo II del curso, enfocado en el marco legal y normativo de la Administraci\u00f3n P\u00fablica guatemalteca, tras haberse concluido la fase de introducci\u00f3n.\u00a0El curso y certificaci\u00f3n es un esfuerzo conjunto del #INAPGuatemala, la Procuradur\u00eda General de la Naci\u00f3n, la Secretar\u00eda General de la Presidencia y la Oficina Nacional de Servicio Civil, con el acompa\u00f1amiento t\u00e9cnico del Ministerio de Finanzas P\u00fablicas.\u00a0 S\u00edguenos en: Facebook Instagram X-twitter Youtube Spotify Linkedin Tiktok Boulevard los pr\u00f3ceres 16-40 zona 10, Ciudad de Guatemala, Guatemala C.A. 1559\u00a0 \u00a0 2419-8181<\/p>\n","protected":false},"author":6,"featured_media":13540,"comment_status":"open","ping_status":"open","sticky":false,"template":"elementor_header_footer","format":"standard","meta":{"_view_id":"","_EventAllDay":false,"_EventTimezone":"","_EventStartDate":"","_EventEndDate":"","_EventStartDateUTC":"","_EventEndDateUTC":"","_EventShowMap":false,"_EventShowMapLink":false,"_EventURL":"","_EventCost":"","_EventCostDescription":"","_EventCurrencySymbol":"","_EventCurrencyCode":"","_EventCurrencyPosition":"","_EventDateTimeSeparator":"","_EventTimeRangeSeparator":"","_EventOrganizerID":[],"_EventVenueID":[],"_OrganizerEmail":"","_OrganizerPhone":"","_OrganizerWebsite":"","_VenueAddress":"","_VenueCity":"","_VenueCountry":"","_VenueProvince":"","_VenueState":"","_VenueZip":"","_VenuePhone":"","_VenueURL":"","_VenueStateProvince":"","_VenueLat":"","_VenueLng":"","_VenueShowMap":false,"_VenueShowMapLink":false,"footnotes":""},"categories":[5,20],"tags":[],"class_list":["post-13539","post","type-post","status-publish","format-standard","has-post-thumbnail","hentry","category-noticias","category-principal"],"aioseo_notices":[],"aioseo_head":"\n\t\t<!-- All in One SEO 5.0.1.1 - aioseo.com -->\n\t<meta name=\"description\" content=\"Inicio \u00bfQui\u00e9nes somos? Delegaciones Transparencia Noticias Ver cursos Men\u00fa conmutador hamburguesa Guatemala, 20 de junio de 2025 M\u00e1s de 70 profesionales del Derecho, provenientes de 19 instituciones, participan en el curso y certificaci\u00f3n dirigido a los asesores jur\u00eddicos del Organismo Ejecutivo, cuya d\u00e9cima jornada se efectu\u00f3 esta semana en modalidad virtual, con la participaci\u00f3n\" \/>\n\t<meta name=\"robots\" content=\"max-image-preview:large\" \/>\n\t<meta name=\"author\" content=\"Javier Oliva\"\/>\n\t<link rel=\"canonical\" href=\"https:\/\/inap.gob.gt\/web\/concluyen-decima-jornada-de-curso-y-certificacion-de-asesores-juridicos\/\" \/>\n\t<meta name=\"generator\" content=\"All in One SEO (AIOSEO) 5.0.1.1\" \/>\n\t\t<meta property=\"og:locale\" content=\"es_ES\" \/>\n\t\t<meta property=\"og:site_name\" content=\"-\" \/>\n\t\t<meta property=\"og:type\" content=\"website\" \/>\n\t\t<meta property=\"og:title\" content=\"Concluyen d\u00e9cima jornada de curso y certificaci\u00f3n de asesores jur\u00eddicos -\" \/>\n\t\t<meta property=\"og:description\" content=\"Inicio \u00bfQui\u00e9nes somos? Delegaciones Transparencia Noticias Ver cursos Men\u00fa conmutador hamburguesa Guatemala, 20 de junio de 2025 M\u00e1s de 70 profesionales del Derecho, provenientes de 19 instituciones, participan en el curso y certificaci\u00f3n dirigido a los asesores jur\u00eddicos del Organismo Ejecutivo, cuya d\u00e9cima jornada se efectu\u00f3 esta semana en modalidad virtual, con la participaci\u00f3n\" \/>\n\t\t<meta property=\"og:url\" content=\"https:\/\/inap.gob.gt\/web\/concluyen-decima-jornada-de-curso-y-certificacion-de-asesores-juridicos\/\" \/>\n\t\t<meta property=\"og:image\" content=\"https:\/\/inap.gob.gt\/web\/wp-content\/uploads\/2025\/07\/CURSO-ASESORES-JURIDICOS-MINI.jpg\" \/>\n\t\t<meta property=\"og:image:secure_url\" content=\"https:\/\/inap.gob.gt\/web\/wp-content\/uploads\/2025\/07\/CURSO-ASESORES-JURIDICOS-MINI.jpg\" \/>\n\t\t<meta property=\"og:image:width\" content=\"1292\" \/>\n\t\t<meta property=\"og:image:height\" content=\"876\" \/>\n\t\t<meta name=\"twitter:card\" content=\"summary_large_image\" \/>\n\t\t<meta name=\"twitter:site\" content=\"@INAPGuatemala\" \/>\n\t\t<meta name=\"twitter:title\" content=\"Concluyen d\u00e9cima jornada de curso y certificaci\u00f3n de asesores jur\u00eddicos -\" \/>\n\t\t<meta name=\"twitter:description\" content=\"Inicio \u00bfQui\u00e9nes somos? Delegaciones Transparencia Noticias Ver cursos Men\u00fa conmutador hamburguesa Guatemala, 20 de junio de 2025 M\u00e1s de 70 profesionales del Derecho, provenientes de 19 instituciones, participan en el curso y certificaci\u00f3n dirigido a los asesores jur\u00eddicos del Organismo Ejecutivo, cuya d\u00e9cima jornada se efectu\u00f3 esta semana en modalidad virtual, con la participaci\u00f3n\" \/>\n\t\t<meta name=\"twitter:creator\" content=\"@INAPGuatemala\" \/>\n\t\t<meta name=\"twitter:image\" content=\"https:\/\/inap.gob.gt\/web\/wp-content\/uploads\/2025\/07\/CURSO-ASESORES-JURIDICOS-MINI.jpg\" \/>\n\t\t<script type=\"application\/ld+json\" class=\"aioseo-schema\">\n\t\t\t{\"@context\":\"https:\\\/\\\/schema.org\",\"@graph\":[{\"@type\":\"BlogPosting\",\"@id\":\"https:\\\/\\\/inap.gob.gt\\\/web\\\/concluyen-decima-jornada-de-curso-y-certificacion-de-asesores-juridicos\\\/#blogposting\",\"name\":\"Concluyen d\\u00e9cima jornada de curso y certificaci\\u00f3n de asesores jur\\u00eddicos -\",\"headline\":\"Concluyen d\\u00e9cima jornada de curso y certificaci\\u00f3n de asesores jur\\u00eddicos\",\"author\":{\"@id\":\"https:\\\/\\\/inap.gob.gt\\\/web\\\/author\\\/jainap\\\/#author\"},\"publisher\":{\"@id\":\"https:\\\/\\\/inap.gob.gt\\\/web\\\/#organization\"},\"image\":{\"@type\":\"ImageObject\",\"url\":\"https:\\\/\\\/inap.gob.gt\\\/web\\\/wp-content\\\/uploads\\\/2025\\\/07\\\/CURSO-ASESORES-JURIDICOS-MINI.jpg\",\"width\":1292,\"height\":876},\"datePublished\":\"2025-06-20T13:00:45-06:00\",\"dateModified\":\"2025-07-12T00:23:22-06:00\",\"inLanguage\":\"es-ES\",\"mainEntityOfPage\":{\"@id\":\"https:\\\/\\\/inap.gob.gt\\\/web\\\/concluyen-decima-jornada-de-curso-y-certificacion-de-asesores-juridicos\\\/#webpage\"},\"isPartOf\":{\"@id\":\"https:\\\/\\\/inap.gob.gt\\\/web\\\/concluyen-decima-jornada-de-curso-y-certificacion-de-asesores-juridicos\\\/#webpage\"},\"articleSection\":\"Noticias, Principal\"},{\"@type\":\"BreadcrumbList\",\"@id\":\"https:\\\/\\\/inap.gob.gt\\\/web\\\/concluyen-decima-jornada-de-curso-y-certificacion-de-asesores-juridicos\\\/#breadcrumblist\",\"itemListElement\":[{\"@type\":\"ListItem\",\"@id\":\"https:\\\/\\\/inap.gob.gt\\\/web#listItem\",\"position\":1,\"name\":\"Inicio\",\"item\":\"https:\\\/\\\/inap.gob.gt\\\/web\",\"nextItem\":{\"@type\":\"ListItem\",\"@id\":\"https:\\\/\\\/inap.gob.gt\\\/web\\\/category\\\/noticias\\\/#listItem\",\"name\":\"Noticias\"}},{\"@type\":\"ListItem\",\"@id\":\"https:\\\/\\\/inap.gob.gt\\\/web\\\/category\\\/noticias\\\/#listItem\",\"position\":2,\"name\":\"Noticias\",\"item\":\"https:\\\/\\\/inap.gob.gt\\\/web\\\/category\\\/noticias\\\/\",\"nextItem\":{\"@type\":\"ListItem\",\"@id\":\"https:\\\/\\\/inap.gob.gt\\\/web\\\/concluyen-decima-jornada-de-curso-y-certificacion-de-asesores-juridicos\\\/#listItem\",\"name\":\"Concluyen d\\u00e9cima jornada de curso y certificaci\\u00f3n de asesores jur\\u00eddicos\"},\"previousItem\":{\"@type\":\"ListItem\",\"@id\":\"https:\\\/\\\/inap.gob.gt\\\/web#listItem\",\"name\":\"Inicio\"}},{\"@type\":\"ListItem\",\"@id\":\"https:\\\/\\\/inap.gob.gt\\\/web\\\/concluyen-decima-jornada-de-curso-y-certificacion-de-asesores-juridicos\\\/#listItem\",\"position\":3,\"name\":\"Concluyen d\\u00e9cima jornada de curso y certificaci\\u00f3n de asesores jur\\u00eddicos\",\"previousItem\":{\"@type\":\"ListItem\",\"@id\":\"https:\\\/\\\/inap.gob.gt\\\/web\\\/category\\\/noticias\\\/#listItem\",\"name\":\"Noticias\"}}]},{\"@type\":\"Organization\",\"@id\":\"https:\\\/\\\/inap.gob.gt\\\/web\\\/#organization\",\"url\":\"https:\\\/\\\/inap.gob.gt\\\/web\\\/\",\"logo\":{\"@type\":\"ImageObject\",\"url\":\"https:\\\/\\\/inap.gob.gt\\\/web\\\/wp-content\\\/uploads\\\/2021\\\/11\\\/cropped-logo-1.png\",\"@id\":\"https:\\\/\\\/inap.gob.gt\\\/web\\\/concluyen-decima-jornada-de-curso-y-certificacion-de-asesores-juridicos\\\/#organizationLogo\",\"width\":900,\"height\":225},\"image\":{\"@id\":\"https:\\\/\\\/inap.gob.gt\\\/web\\\/concluyen-decima-jornada-de-curso-y-certificacion-de-asesores-juridicos\\\/#organizationLogo\"},\"sameAs\":[\"https:\\\/\\\/www.facebook.com\\\/INAPGuatemalaCA\",\"https:\\\/\\\/twitter.com\\\/INAPGuatemala\",\"https:\\\/\\\/www.instagram.com\\\/inapgt\"]},{\"@type\":\"Person\",\"@id\":\"https:\\\/\\\/inap.gob.gt\\\/web\\\/author\\\/jainap\\\/#author\",\"url\":\"https:\\\/\\\/inap.gob.gt\\\/web\\\/author\\\/jainap\\\/\",\"name\":\"Javier Oliva\",\"image\":{\"@type\":\"ImageObject\",\"@id\":\"https:\\\/\\\/inap.gob.gt\\\/web\\\/concluyen-decima-jornada-de-curso-y-certificacion-de-asesores-juridicos\\\/#authorImage\",\"url\":\"https:\\\/\\\/secure.gravatar.com\\\/avatar\\\/47d531b1bfed0cb15211d4acbcc750ad17a298f95d26776ea38b74430f87e72a?s=96&d=mm&r=g\",\"width\":96,\"height\":96,\"caption\":\"Javier Oliva\"}},{\"@type\":\"WebPage\",\"@id\":\"https:\\\/\\\/inap.gob.gt\\\/web\\\/concluyen-decima-jornada-de-curso-y-certificacion-de-asesores-juridicos\\\/#webpage\",\"url\":\"https:\\\/\\\/inap.gob.gt\\\/web\\\/concluyen-decima-jornada-de-curso-y-certificacion-de-asesores-juridicos\\\/\",\"name\":\"Concluyen d\\u00e9cima jornada de curso y certificaci\\u00f3n de asesores jur\\u00eddicos -\",\"description\":\"Inicio \\u00bfQui\\u00e9nes somos? Delegaciones Transparencia Noticias Ver cursos Men\\u00fa conmutador hamburguesa Guatemala, 20 de junio de 2025 M\\u00e1s de 70 profesionales del Derecho, provenientes de 19 instituciones, participan en el curso y certificaci\\u00f3n dirigido a los asesores jur\\u00eddicos del Organismo Ejecutivo, cuya d\\u00e9cima jornada se efectu\\u00f3 esta semana en modalidad virtual, con la participaci\\u00f3n\",\"inLanguage\":\"es-ES\",\"isPartOf\":{\"@id\":\"https:\\\/\\\/inap.gob.gt\\\/web\\\/#website\"},\"breadcrumb\":{\"@id\":\"https:\\\/\\\/inap.gob.gt\\\/web\\\/concluyen-decima-jornada-de-curso-y-certificacion-de-asesores-juridicos\\\/#breadcrumblist\"},\"author\":{\"@id\":\"https:\\\/\\\/inap.gob.gt\\\/web\\\/author\\\/jainap\\\/#author\"},\"creator\":{\"@id\":\"https:\\\/\\\/inap.gob.gt\\\/web\\\/author\\\/jainap\\\/#author\"},\"image\":{\"@type\":\"ImageObject\",\"url\":\"https:\\\/\\\/inap.gob.gt\\\/web\\\/wp-content\\\/uploads\\\/2025\\\/07\\\/CURSO-ASESORES-JURIDICOS-MINI.jpg\",\"@id\":\"https:\\\/\\\/inap.gob.gt\\\/web\\\/concluyen-decima-jornada-de-curso-y-certificacion-de-asesores-juridicos\\\/#mainImage\",\"width\":1292,\"height\":876},\"primaryImageOfPage\":{\"@id\":\"https:\\\/\\\/inap.gob.gt\\\/web\\\/concluyen-decima-jornada-de-curso-y-certificacion-de-asesores-juridicos\\\/#mainImage\"},\"datePublished\":\"2025-06-20T13:00:45-06:00\",\"dateModified\":\"2025-07-12T00:23:22-06:00\"},{\"@type\":\"WebSite\",\"@id\":\"https:\\\/\\\/inap.gob.gt\\\/web\\\/#website\",\"url\":\"https:\\\/\\\/inap.gob.gt\\\/web\\\/\",\"inLanguage\":\"es-ES\",\"publisher\":{\"@id\":\"https:\\\/\\\/inap.gob.gt\\\/web\\\/#organization\"}}]}\n\t\t<\/script>\n\t\t<!-- All in One SEO -->\n\n","aioseo_head_json":{"title":"Concluyen d\u00e9cima jornada de curso y certificaci\u00f3n de asesores jur\u00eddicos -","description":"Inicio \u00bfQui\u00e9nes somos? Delegaciones Transparencia Noticias Ver cursos Men\u00fa conmutador hamburguesa Guatemala, 20 de junio de 2025 M\u00e1s de 70 profesionales del Derecho, provenientes de 19 instituciones, participan en el curso y certificaci\u00f3n dirigido a los asesores jur\u00eddicos del Organismo Ejecutivo, cuya d\u00e9cima jornada se efectu\u00f3 esta semana en modalidad virtual, con la participaci\u00f3n","canonical_url":"https:\/\/inap.gob.gt\/web\/concluyen-decima-jornada-de-curso-y-certificacion-de-asesores-juridicos\/","robots":"max-image-preview:large","keywords":"","webmasterTools":{"miscellaneous":""},"schema":{"@context":"https:\/\/schema.org","@graph":[{"@type":"BlogPosting","@id":"https:\/\/inap.gob.gt\/web\/concluyen-decima-jornada-de-curso-y-certificacion-de-asesores-juridicos\/#blogposting","name":"Concluyen d\u00e9cima jornada de curso y certificaci\u00f3n de asesores jur\u00eddicos -","headline":"Concluyen d\u00e9cima jornada de curso y certificaci\u00f3n de asesores jur\u00eddicos","author":{"@id":"https:\/\/inap.gob.gt\/web\/author\/jainap\/#author"},"publisher":{"@id":"https:\/\/inap.gob.gt\/web\/#organization"},"image":{"@type":"ImageObject","url":"https:\/\/inap.gob.gt\/web\/wp-content\/uploads\/2025\/07\/CURSO-ASESORES-JURIDICOS-MINI.jpg","width":1292,"height":876},"datePublished":"2025-06-20T13:00:45-06:00","dateModified":"2025-07-12T00:23:22-06:00","inLanguage":"es-ES","mainEntityOfPage":{"@id":"https:\/\/inap.gob.gt\/web\/concluyen-decima-jornada-de-curso-y-certificacion-de-asesores-juridicos\/#webpage"},"isPartOf":{"@id":"https:\/\/inap.gob.gt\/web\/concluyen-decima-jornada-de-curso-y-certificacion-de-asesores-juridicos\/#webpage"},"articleSection":"Noticias, Principal"},{"@type":"BreadcrumbList","@id":"https:\/\/inap.gob.gt\/web\/concluyen-decima-jornada-de-curso-y-certificacion-de-asesores-juridicos\/#breadcrumblist","itemListElement":[{"@type":"ListItem","@id":"https:\/\/inap.gob.gt\/web#listItem","position":1,"name":"Inicio","item":"https:\/\/inap.gob.gt\/web","nextItem":{"@type":"ListItem","@id":"https:\/\/inap.gob.gt\/web\/category\/noticias\/#listItem","name":"Noticias"}},{"@type":"ListItem","@id":"https:\/\/inap.gob.gt\/web\/category\/noticias\/#listItem","position":2,"name":"Noticias","item":"https:\/\/inap.gob.gt\/web\/category\/noticias\/","nextItem":{"@type":"ListItem","@id":"https:\/\/inap.gob.gt\/web\/concluyen-decima-jornada-de-curso-y-certificacion-de-asesores-juridicos\/#listItem","name":"Concluyen d\u00e9cima jornada de curso y certificaci\u00f3n de asesores jur\u00eddicos"},"previousItem":{"@type":"ListItem","@id":"https:\/\/inap.gob.gt\/web#listItem","name":"Inicio"}},{"@type":"ListItem","@id":"https:\/\/inap.gob.gt\/web\/concluyen-decima-jornada-de-curso-y-certificacion-de-asesores-juridicos\/#listItem","position":3,"name":"Concluyen d\u00e9cima jornada de curso y certificaci\u00f3n de asesores jur\u00eddicos","previousItem":{"@type":"ListItem","@id":"https:\/\/inap.gob.gt\/web\/category\/noticias\/#listItem","name":"Noticias"}}]},{"@type":"Organization","@id":"https:\/\/inap.gob.gt\/web\/#organization","url":"https:\/\/inap.gob.gt\/web\/","logo":{"@type":"ImageObject","url":"https:\/\/inap.gob.gt\/web\/wp-content\/uploads\/2021\/11\/cropped-logo-1.png","@id":"https:\/\/inap.gob.gt\/web\/concluyen-decima-jornada-de-curso-y-certificacion-de-asesores-juridicos\/#organizationLogo","width":900,"height":225},"image":{"@id":"https:\/\/inap.gob.gt\/web\/concluyen-decima-jornada-de-curso-y-certificacion-de-asesores-juridicos\/#organizationLogo"},"sameAs":["https:\/\/www.facebook.com\/INAPGuatemalaCA","https:\/\/twitter.com\/INAPGuatemala","https:\/\/www.instagram.com\/inapgt"]},{"@type":"Person","@id":"https:\/\/inap.gob.gt\/web\/author\/jainap\/#author","url":"https:\/\/inap.gob.gt\/web\/author\/jainap\/","name":"Javier Oliva","image":{"@type":"ImageObject","@id":"https:\/\/inap.gob.gt\/web\/concluyen-decima-jornada-de-curso-y-certificacion-de-asesores-juridicos\/#authorImage","url":"https:\/\/secure.gravatar.com\/avatar\/47d531b1bfed0cb15211d4acbcc750ad17a298f95d26776ea38b74430f87e72a?s=96&d=mm&r=g","width":96,"height":96,"caption":"Javier Oliva"}},{"@type":"WebPage","@id":"https:\/\/inap.gob.gt\/web\/concluyen-decima-jornada-de-curso-y-certificacion-de-asesores-juridicos\/#webpage","url":"https:\/\/inap.gob.gt\/web\/concluyen-decima-jornada-de-curso-y-certificacion-de-asesores-juridicos\/","name":"Concluyen d\u00e9cima jornada de curso y certificaci\u00f3n de asesores jur\u00eddicos -","description":"Inicio \u00bfQui\u00e9nes somos? Delegaciones Transparencia Noticias Ver cursos Men\u00fa conmutador hamburguesa Guatemala, 20 de junio de 2025 M\u00e1s de 70 profesionales del Derecho, provenientes de 19 instituciones, participan en el curso y certificaci\u00f3n dirigido a los asesores jur\u00eddicos del Organismo Ejecutivo, cuya d\u00e9cima jornada se efectu\u00f3 esta semana en modalidad virtual, con la participaci\u00f3n","inLanguage":"es-ES","isPartOf":{"@id":"https:\/\/inap.gob.gt\/web\/#website"},"breadcrumb":{"@id":"https:\/\/inap.gob.gt\/web\/concluyen-decima-jornada-de-curso-y-certificacion-de-asesores-juridicos\/#breadcrumblist"},"author":{"@id":"https:\/\/inap.gob.gt\/web\/author\/jainap\/#author"},"creator":{"@id":"https:\/\/inap.gob.gt\/web\/author\/jainap\/#author"},"image":{"@type":"ImageObject","url":"https:\/\/inap.gob.gt\/web\/wp-content\/uploads\/2025\/07\/CURSO-ASESORES-JURIDICOS-MINI.jpg","@id":"https:\/\/inap.gob.gt\/web\/concluyen-decima-jornada-de-curso-y-certificacion-de-asesores-juridicos\/#mainImage","width":1292,"height":876},"primaryImageOfPage":{"@id":"https:\/\/inap.gob.gt\/web\/concluyen-decima-jornada-de-curso-y-certificacion-de-asesores-juridicos\/#mainImage"},"datePublished":"2025-06-20T13:00:45-06:00","dateModified":"2025-07-12T00:23:22-06:00"},{"@type":"WebSite","@id":"https:\/\/inap.gob.gt\/web\/#website","url":"https:\/\/inap.gob.gt\/web\/","inLanguage":"es-ES","publisher":{"@id":"https:\/\/inap.gob.gt\/web\/#organization"}}]},"og:locale":"es_ES","og:site_name":"-","og:type":"website","og:title":"Concluyen d\u00e9cima jornada de curso y certificaci\u00f3n de asesores jur\u00eddicos -","og:description":"Inicio \u00bfQui\u00e9nes somos? Delegaciones Transparencia Noticias Ver cursos Men\u00fa conmutador hamburguesa Guatemala, 20 de junio de 2025 M\u00e1s de 70 profesionales del Derecho, provenientes de 19 instituciones, participan en el curso y certificaci\u00f3n dirigido a los asesores jur\u00eddicos del Organismo Ejecutivo, cuya d\u00e9cima jornada se efectu\u00f3 esta semana en modalidad virtual, con la participaci\u00f3n","og:url":"https:\/\/inap.gob.gt\/web\/concluyen-decima-jornada-de-curso-y-certificacion-de-asesores-juridicos\/","og:image":"https:\/\/inap.gob.gt\/web\/wp-content\/uploads\/2025\/07\/CURSO-ASESORES-JURIDICOS-MINI.jpg","og:image:secure_url":"https:\/\/inap.gob.gt\/web\/wp-content\/uploads\/2025\/07\/CURSO-ASESORES-JURIDICOS-MINI.jpg","og:image:width":1292,"og:image:height":876,"twitter:card":"summary_large_image","twitter:site":"@INAPGuatemala","twitter:title":"Concluyen d\u00e9cima jornada de curso y certificaci\u00f3n de asesores jur\u00eddicos -","twitter:description":"Inicio \u00bfQui\u00e9nes somos? Delegaciones Transparencia Noticias Ver cursos Men\u00fa conmutador hamburguesa Guatemala, 20 de junio de 2025 M\u00e1s de 70 profesionales del Derecho, provenientes de 19 instituciones, participan en el curso y certificaci\u00f3n dirigido a los asesores jur\u00eddicos del Organismo Ejecutivo, cuya d\u00e9cima jornada se efectu\u00f3 esta semana en modalidad virtual, con la participaci\u00f3n","twitter:creator":"@INAPGuatemala","twitter:image":"https:\/\/inap.gob.gt\/web\/wp-content\/uploads\/2025\/07\/CURSO-ASESORES-JURIDICOS-MINI.jpg"},"aioseo_meta_data":{"post_id":"13539","title":null,"description":null,"keywords":null,"keyphrases":{"focus":{"keyphrase":"","score":0,"analysis":{"keyphraseInTitle":{"score":0,"maxScore":9,"error":1}}},"additional":[]},"primary_term":null,"canonical_url":null,"og_title":null,"og_description":null,"og_object_type":"default","og_image_type":"default","og_image_url":null,"og_image_width":null,"og_image_height":null,"og_image_custom_url":null,"og_image_custom_fields":null,"og_video":"","og_custom_url":null,"og_article_section":null,"og_article_tags":null,"twitter_use_og":false,"twitter_card":"default","twitter_image_type":"default","twitter_image_url":null,"twitter_image_custom_url":null,"twitter_image_custom_fields":null,"twitter_title":null,"twitter_description":null,"schema":{"blockGraphs":[],"customGraphs":[],"default":{"data":{"Article":[],"Course":[],"Dataset":[],"FAQPage":[],"Movie":[],"Person":[],"Product":[],"ProductReview":[],"Car":[],"Recipe":[],"Service":[],"SoftwareApplication":[],"WebPage":[]},"graphName":"BlogPosting","isEnabled":true},"graphs":[]},"schema_type":"default","schema_type_options":null,"pillar_content":false,"robots_default":true,"robots_noindex":false,"robots_noarchive":false,"robots_nosnippet":false,"robots_nofollow":false,"robots_noimageindex":false,"robots_noodp":false,"robots_notranslate":false,"robots_max_snippet":"-1","robots_max_videopreview":"-1","robots_max_imagepreview":"large","priority":null,"frequency":"default","local_seo":null,"breadcrumb_settings":null,"limit_modified_date":false,"ai":{"faqs":[],"keyPoints":[],"titles":[],"descriptions":[],"socialPosts":{"email":[],"linkedin":[],"twitter":[],"facebook":[],"instagram":[]}},"created":"2025-07-11 18:04:08","updated":"2025-07-11 18:32:03","seo_analyzer_scan_date":null,"focus_keyword":null,"additional_keywords":null,"truseo_locale":null},"aioseo_breadcrumb":"<div class=\"aioseo-breadcrumbs\"><span class=\"aioseo-breadcrumb\">\n\t\t\t<a href=\"https:\/\/inap.gob.gt\/web\" title=\"Inicio\">Inicio<\/a>\n\t\t<\/span><span class=\"aioseo-breadcrumb-separator\">&raquo;<\/span><span class=\"aioseo-breadcrumb\">\n\t\t\t<a href=\"https:\/\/inap.gob.gt\/web\/category\/noticias\/\" title=\"Noticias\">Noticias<\/a>\n\t\t<\/span><span class=\"aioseo-breadcrumb-separator\">&raquo;<\/span><span class=\"aioseo-breadcrumb\">\n\t\t\tConcluyen d\u00e9cima jornada de curso y certificaci\u00f3n de asesores jur\u00eddicos\n\t\t<\/span><\/div>","aioseo_breadcrumb_json":[{"label":"Inicio","link":"https:\/\/inap.gob.gt\/web"},{"label":"Noticias","link":"https:\/\/inap.gob.gt\/web\/category\/noticias\/"},{"label":"Concluyen d\u00e9cima jornada de curso y certificaci\u00f3n de asesores jur\u00eddicos","link":"https:\/\/inap.gob.gt\/web\/concluyen-decima-jornada-de-curso-y-certificacion-de-asesores-juridicos\/"}],"rise-blocks_total_comments":0,"rise-blocks_categories":[{"term_id":5,"name":"Noticias","slug":"noticias","term_group":0,"term_taxonomy_id":5,"taxonomy":"category","description":"","parent":0,"count":74,"filter":"raw","cat_ID":5,"category_count":74,"category_description":"","cat_name":"Noticias","category_nicename":"noticias","category_parent":0},{"term_id":20,"name":"Principal","slug":"principal","term_group":0,"term_taxonomy_id":20,"taxonomy":"category","description":"","parent":0,"count":74,"filter":"raw","cat_ID":20,"category_count":74,"category_description":"","cat_name":"Principal","category_nicename":"principal","category_parent":0}],"rise-blocks_excerpt":"Guatemala, 20 de junio de 2025\u00a0M\u00e1s de 70 profesionales del Derecho, provenientes de 19 instituciones, participan en el curso y certificaci\u00f3n dirigido a los asesores jur\u00eddicos del Organismo Ejecutivo, cuya d\u00e9cima jornada se efectu\u00f3 esta semana en modalidad virtual, con la participaci\u00f3n de expertos nacionales e internacionales.\u00a0Durante la sesi\u00f3n se analizaron disposiciones contenidas en el Decreto 101-97, del Congreso de..","views":1272,"_links":{"self":[{"href":"https:\/\/inap.gob.gt\/web\/wp-json\/wp\/v2\/posts\/13539","targetHints":{"allow":["GET"]}}],"collection":[{"href":"https:\/\/inap.gob.gt\/web\/wp-json\/wp\/v2\/posts"}],"about":[{"href":"https:\/\/inap.gob.gt\/web\/wp-json\/wp\/v2\/types\/post"}],"author":[{"embeddable":true,"href":"https:\/\/inap.gob.gt\/web\/wp-json\/wp\/v2\/users\/6"}],"replies":[{"embeddable":true,"href":"https:\/\/inap.gob.gt\/web\/wp-json\/wp\/v2\/comments?post=13539"}],"version-history":[{"count":4,"href":"https:\/\/inap.gob.gt\/web\/wp-json\/wp\/v2\/posts\/13539\/revisions"}],"predecessor-version":[{"id":13548,"href":"https:\/\/inap.gob.gt\/web\/wp-json\/wp\/v2\/posts\/13539\/revisions\/13548"}],"wp:featuredmedia":[{"embeddable":true,"href":"https:\/\/inap.gob.gt\/web\/wp-json\/wp\/v2\/media\/13540"}],"wp:attachment":[{"href":"https:\/\/inap.gob.gt\/web\/wp-json\/wp\/v2\/media?parent=13539"}],"wp:term":[{"taxonomy":"category","embeddable":true,"href":"https:\/\/inap.gob.gt\/web\/wp-json\/wp\/v2\/categories?post=13539"},{"taxonomy":"post_tag","embeddable":true,"href":"https:\/\/inap.gob.gt\/web\/wp-json\/wp\/v2\/tags?post=13539"}],"curies":[{"name":"wp","href":"https:\/\/api.w.org\/{rel}","templated":true}]}}