{"id":12687,"date":"2024-11-13T21:22:58","date_gmt":"2024-11-13T15:22:58","guid":{"rendered":"https:\/\/inap.gob.gt\/web\/etica-publica-2\/"},"modified":"2024-11-26T21:43:23","modified_gmt":"2024-11-26T15:43:23","slug":"etica-publica-2","status":"publish","type":"post","link":"https:\/\/inap.gob.gt\/web\/etica-publica-2\/","title":{"rendered":"INAP sensibiliza sobre la \u00e9tica p\u00fablica"},"content":{"rendered":"\t\t<div data-elementor-type=\"wp-post\" data-elementor-id=\"12687\" class=\"elementor elementor-12687\" data-elementor-post-type=\"post\">\n\t\t\t\t<div class=\"elementor-element elementor-element-0edc5bd e-con-full e-flex wpr-particle-no wpr-jarallax-no wpr-parallax-no wpr-sticky-section-no e-con e-parent\" data-id=\"0edc5bd\" data-element_type=\"container\" data-e-type=\"container\" data-settings=\"{&quot;background_background&quot;:&quot;classic&quot;}\">\n\t\t\t\t<div class=\"elementor-element elementor-element-8117cde elementor-widget elementor-widget-shortcode\" data-id=\"8117cde\" data-element_type=\"widget\" data-e-type=\"widget\" data-widget_type=\"shortcode.default\">\n\t\t\t\t<div class=\"elementor-widget-container\">\n\t\t\t\t\t\t\t<div class=\"elementor-shortcode\">\t\t<div data-elementor-type=\"wp-post\" data-elementor-id=\"9326\" class=\"elementor elementor-9326\" data-elementor-post-type=\"elementor-hf\">\n\t\t\t\t<div class=\"elementor-element elementor-element-723c1d5 e-flex e-con-boxed wpr-particle-no wpr-jarallax-no wpr-parallax-no wpr-sticky-section-no e-con e-parent\" data-id=\"723c1d5\" data-element_type=\"container\" data-e-type=\"container\" data-settings=\"{&quot;background_background&quot;:&quot;classic&quot;}\">\n\t\t\t\t\t<div class=\"e-con-inner\">\n\t\t<div class=\"elementor-element elementor-element-0a28789 e-con-full e-flex wpr-particle-no wpr-jarallax-no wpr-parallax-no wpr-sticky-section-no e-con e-child\" data-id=\"0a28789\" data-element_type=\"container\" data-e-type=\"container\">\n\t\t\t\t<div class=\"elementor-element elementor-element-6e712a0 elementor-widget elementor-widget-image\" data-id=\"6e712a0\" data-element_type=\"widget\" data-e-type=\"widget\" data-widget_type=\"image.default\">\n\t\t\t\t<div class=\"elementor-widget-container\">\n\t\t\t\t\t\t\t\t\t\t\t\t\t\t\t\t<a href=\"https:\/\/inap.gob.gt\/\">\n\t\t\t\t\t\t\t<img decoding=\"async\" width=\"300\" height=\"103\" src=\"https:\/\/inap.gob.gt\/web\/wp-content\/uploads\/2024\/05\/Instittuto-Nacional-de-Administracion-Publica-INAP-02-300x103.png\" class=\"attachment-medium size-medium wp-image-9192\" alt=\"\" srcset=\"https:\/\/inap.gob.gt\/web\/wp-content\/uploads\/2024\/05\/Instittuto-Nacional-de-Administracion-Publica-INAP-02-300x103.png 300w, https:\/\/inap.gob.gt\/web\/wp-content\/uploads\/2024\/05\/Instittuto-Nacional-de-Administracion-Publica-INAP-02-1024x351.png 1024w, https:\/\/inap.gob.gt\/web\/wp-content\/uploads\/2024\/05\/Instittuto-Nacional-de-Administracion-Publica-INAP-02-768x263.png 768w, https:\/\/inap.gob.gt\/web\/wp-content\/uploads\/2024\/05\/Instittuto-Nacional-de-Administracion-Publica-INAP-02.png 1459w\" sizes=\"(max-width: 300px) 100vw, 300px\" \/>\t\t\t\t\t\t\t\t<\/a>\n\t\t\t\t\t\t\t\t\t\t\t\t\t\t\t<\/div>\n\t\t\t\t<\/div>\n\t\t\t\t<\/div>\n\t\t<div class=\"elementor-element elementor-element-7f23a60 e-con-full e-flex wpr-particle-no wpr-jarallax-no wpr-parallax-no wpr-sticky-section-no e-con e-child\" data-id=\"7f23a60\" data-element_type=\"container\" data-e-type=\"container\">\n\t\t\t\t<div class=\"elementor-element elementor-element-fd95f4a eael-hamburger--mobile eael_simple_menu_hamburger_disable_selected_menu_no eael-simple-menu-hamburger-align-right elementor-widget elementor-widget-eael-simple-menu\" data-id=\"fd95f4a\" data-element_type=\"widget\" data-e-type=\"widget\" data-widget_type=\"eael-simple-menu.default\">\n\t\t\t\t<div class=\"elementor-widget-container\">\n\t\t\t\t\t<style>\n                        @media screen and (max-width: 767px) {\n                            .eael-hamburger--mobile {\n                                .eael-simple-menu-horizontal,\n                                .eael-simple-menu-vertical {\n                                    display: none;\n                                }\n                            }\n                            .eael-hamburger--mobile {\n                                .eael-simple-menu-container .eael-simple-menu-toggle {\n                                    display: block;\n                                }\n                            }\n                        }\n                    <\/style>            <div data-hamburger-icon=\"&lt;i aria-hidden=&quot;true&quot; class=&quot;fas fa-bars&quot;&gt;&lt;\/i&gt;\" data-indicator-icon=\"&lt;i aria-hidden=&quot;true&quot; class=&quot;fas fa-angle-down&quot;&gt;&lt;\/i&gt;\" data-dropdown-indicator-icon=\"&lt;i class=&quot;fas fa-angle-down&quot;&gt;&lt;\/i&gt;\" class=\"eael-simple-menu-container eael-simple-menu-align-right eael-simple-menu--stretch eael-simple-menu-dropdown-align-left preset-1\" data-hamburger-breakpoints=\"{&quot;mobile&quot;:&quot;M\\u00f3vil vertical (&gt; 767px)&quot;,&quot;tablet&quot;:&quot;Tableta vertical (&gt; 1024px)&quot;,&quot;desktop&quot;:&quot;Escritorio (&gt; 2400px)&quot;,&quot;none&quot;:&quot;Ninguno&quot;}\" data-hamburger-device=\"mobile\">\n                <ul id=\"menu-menu-new\" class=\"eael-simple-menu eael-simple-menu-dropdown-animate-to-top eael-simple-menu-indicator eael-simple-menu-horizontal\"><li id=\"menu-item-13215\" class=\"menu-item menu-item-type-custom menu-item-object-custom menu-item-13215\"><a href=\"https:\/\/inap.gob.gt\">INICIO<\/a><\/li>\n<li id=\"menu-item-10852\" class=\"menu-item menu-item-type-post_type menu-item-object-page menu-item-10852\"><a href=\"https:\/\/inap.gob.gt\/web\/quienes-somos\/\">\u00bfQUI\u00c9NES SOMOS?<\/a><\/li>\n<li id=\"menu-item-12165\" class=\"menu-item menu-item-type-post_type menu-item-object-page menu-item-12165\"><a href=\"https:\/\/inap.gob.gt\/web\/delegaciones\/\">Delegaciones<\/a><\/li>\n<li id=\"menu-item-10854\" class=\"menu-item menu-item-type-custom menu-item-object-custom menu-item-10854\"><a href=\"https:\/\/inap.gob.gt\/web\/transparencia-3\/\">TRANSPARENCIA<\/a><\/li>\n<li id=\"menu-item-13515\" class=\"menu-item menu-item-type-custom menu-item-object-custom menu-item-13515\"><a href=\"https:\/\/inap.gob.gt\/web\/noticias\/\">NOTICIAS<\/a><\/li>\n<li id=\"menu-item-10856\" class=\"menu-item menu-item-type-custom menu-item-object-custom menu-item-10856\"><a href=\"https:\/\/inap.gob.gt\/app\/\">VER CURSOS<\/a><\/li>\n<\/ul>                <button class=\"eael-simple-menu-toggle\">\n                    <span class=\"sr-only \">Men\u00fa conmutador hamburguesa<\/span>\n                    <i aria-hidden=\"true\" class=\"fas fa-bars\"><\/i>                <\/button>\n            <\/div>\n            \t\t\t\t<\/div>\n\t\t\t\t<\/div>\n\t\t\t\t<\/div>\n\t\t\t\t\t<\/div>\n\t\t\t\t<\/div>\n\t\t\t\t<\/div>\n\t\t<\/div>\n\t\t\t\t\t\t<\/div>\n\t\t\t\t<\/div>\n\t\t\t\t<\/div>\n\t\t\t\t<section class=\"elementor-section elementor-top-section elementor-element elementor-element-896fbd1 elementor-section-full_width elementor-section-height-default elementor-section-height-default wpr-particle-no wpr-jarallax-no wpr-parallax-no wpr-sticky-section-no\" data-id=\"896fbd1\" data-element_type=\"section\" data-e-type=\"section\">\n\t\t\t\t\t\t<div class=\"elementor-container elementor-column-gap-no\">\n\t\t\t\t\t<div class=\"elementor-column elementor-col-100 elementor-top-column elementor-element elementor-element-49e277c\" data-id=\"49e277c\" data-element_type=\"column\" data-e-type=\"column\">\n\t\t\t<div class=\"elementor-widget-wrap elementor-element-populated\">\n\t\t\t\t\t\t<div class=\"elementor-element elementor-element-3903abd elementor-widget__width-initial elementor-widget elementor-widget-image\" data-id=\"3903abd\" data-element_type=\"widget\" data-e-type=\"widget\" data-widget_type=\"image.default\">\n\t\t\t\t<div class=\"elementor-widget-container\">\n\t\t\t\t\t\t\t\t\t\t\t\t\t\t\t<img fetchpriority=\"high\" decoding=\"async\" width=\"2450\" height=\"500\" src=\"https:\/\/inap.gob.gt\/web\/wp-content\/uploads\/2024\/11\/BANNER-NOTICIA.png\" class=\"attachment-full size-full wp-image-12675\" alt=\"\" srcset=\"https:\/\/inap.gob.gt\/web\/wp-content\/uploads\/2024\/11\/BANNER-NOTICIA.png 2450w, https:\/\/inap.gob.gt\/web\/wp-content\/uploads\/2024\/11\/BANNER-NOTICIA-300x61.png 300w, https:\/\/inap.gob.gt\/web\/wp-content\/uploads\/2024\/11\/BANNER-NOTICIA-1024x209.png 1024w, https:\/\/inap.gob.gt\/web\/wp-content\/uploads\/2024\/11\/BANNER-NOTICIA-768x157.png 768w, https:\/\/inap.gob.gt\/web\/wp-content\/uploads\/2024\/11\/BANNER-NOTICIA-1536x313.png 1536w, https:\/\/inap.gob.gt\/web\/wp-content\/uploads\/2024\/11\/BANNER-NOTICIA-2048x418.png 2048w\" sizes=\"(max-width: 2450px) 100vw, 2450px\" \/>\t\t\t\t\t\t\t\t\t\t\t\t\t\t\t<\/div>\n\t\t\t\t<\/div>\n\t\t\t\t\t<\/div>\n\t\t<\/div>\n\t\t\t\t\t<\/div>\n\t\t<\/section>\n\t\t\t\t<section class=\"elementor-section elementor-top-section elementor-element elementor-element-6659dbc elementor-section-boxed elementor-section-height-default elementor-section-height-default wpr-particle-no wpr-jarallax-no wpr-parallax-no wpr-sticky-section-no\" data-id=\"6659dbc\" data-element_type=\"section\" data-e-type=\"section\">\n\t\t\t\t\t\t<div class=\"elementor-container elementor-column-gap-default\">\n\t\t\t\t\t<div class=\"elementor-column elementor-col-66 elementor-top-column elementor-element elementor-element-f924559\" data-id=\"f924559\" data-element_type=\"column\" data-e-type=\"column\">\n\t\t\t<div class=\"elementor-widget-wrap elementor-element-populated\">\n\t\t\t\t\t\t<div class=\"elementor-element elementor-element-b54749c elementor-widget__width-initial elementor-widget elementor-widget-text-editor\" data-id=\"b54749c\" data-element_type=\"widget\" data-e-type=\"widget\" data-widget_type=\"text-editor.default\">\n\t\t\t\t<div class=\"elementor-widget-container\">\n\t\t\t\t\t\t\t\t\t<p>Guatemala 21\/11\/2024<\/p><p>\u00a0<\/p><p>Este d\u00eda personal de la Secretar\u00eda de Comunicaci\u00f3n Social de la Presidencia (SCSP), particip\u00f3 en el taller especializado sobre <em>\u00c9tica P\u00fablica<\/em>, impartido por el Instituto Nacional de Administraci\u00f3n P\u00fablica (INAP).<\/p><p>\u00a0<\/p><p>La capacitaci\u00f3n, que reuni\u00f3 a 40 participantes, entre servidores y funcionarios p\u00fablicos, sensibiliz\u00f3 sobre la importancia de la \u00e9tica en el ejercicio de la funci\u00f3n p\u00fablica, promoviendo el desarrollo de valores y comportamientos que garanticen una gesti\u00f3n p\u00fablica transparente, eficiente y responsable.<\/p><p>\u00a0<\/p><p>En el taller se destac\u00f3 que la \u00e9tica p\u00fablica es un pilar fundamental para fortalecer la confianza de la ciudadan\u00eda en las instituciones gubernamentales, aunado a que los principios \u00e9ticos influyen directamente en la toma de decisiones, el manejo de los recursos p\u00fablicos y la relaci\u00f3n de los funcionarios con los ciudadanos.<\/p><p>\u00a0<\/p>\t\t\t\t\t\t\t\t<\/div>\n\t\t\t\t<\/div>\n\t\t\t\t<div class=\"elementor-element elementor-element-6e61d8a elementor-widget elementor-widget-html\" data-id=\"6e61d8a\" data-element_type=\"widget\" data-e-type=\"widget\" data-widget_type=\"html.default\">\n\t\t\t\t<div class=\"elementor-widget-container\">\n\t\t\t\t\t<a data-flickr-embed=\"true\" href=\"https:\/\/www.flickr.com\/photos\/139160779@N05\/albums\/72177720322087045\" title=\"TALLER &quot;\u00c9TICA P\u00daBLICA&quot;\"><img decoding=\"async\" src=\"https:\/\/live.staticflickr.com\/65535\/54155967589_b9845f4002_z.jpg\" width=\"640\" height=\"480\" alt=\"TALLER &quot;\u00c9TICA P\u00daBLICA&quot;\"\/><\/a><script async src=\"\/\/embedr.flickr.com\/assets\/client-code.js\" charset=\"utf-8\"><\/script>\t\t\t\t<\/div>\n\t\t\t\t<\/div>\n\t\t\t\t<div class=\"elementor-element elementor-element-1c2b483 elementor-widget__width-initial elementor-widget elementor-widget-text-editor\" data-id=\"1c2b483\" data-element_type=\"widget\" data-e-type=\"widget\" data-widget_type=\"text-editor.default\">\n\t\t\t\t<div class=\"elementor-widget-container\">\n\t\t\t\t\t\t\t\t\t<p>Adem\u00e1s, se indic\u00f3 que la \u00e9tica p\u00fablica es clave para prevenir la corrupci\u00f3n, promover la rendici\u00f3n de cuentas y garantizar la eficacia de las pol\u00edticas p\u00fablicas. En este sentido, el INAP busca que los servidores p\u00fablicos adquieran herramientas que les permitan actuar con transparencia y responsabilidad, generando una administraci\u00f3n m\u00e1s eficiente y confiable para la ciudadan\u00eda.<\/p><p>\u00a0<\/p><p>Este tipo de formaciones refuerzan el compromiso del gobierno de Guatemala con una gesti\u00f3n p\u00fablica m\u00e1s transparente y alineada con los principios de integridad y justicia. Aplicar los valores \u00e9ticos no solo mejora la imagen institucional, sino que tambi\u00e9n asegura que las decisiones gubernamentales se tomen con los m\u00e1s altos est\u00e1ndares de probidad y en beneficio del bienestar com\u00fan.<\/p>\t\t\t\t\t\t\t\t<\/div>\n\t\t\t\t<\/div>\n\t\t\t\t\t<\/div>\n\t\t<\/div>\n\t\t\t\t<div class=\"elementor-column elementor-col-33 elementor-top-column elementor-element elementor-element-3b0a0f8\" data-id=\"3b0a0f8\" data-element_type=\"column\" data-e-type=\"column\">\n\t\t\t<div class=\"elementor-widget-wrap elementor-element-populated\">\n\t\t\t\t\t\t<div class=\"elementor-element elementor-element-eeffc8c elementor-widget__width-initial elementor-widget elementor-widget-sidebar\" data-id=\"eeffc8c\" data-element_type=\"widget\" data-e-type=\"widget\" data-widget_type=\"sidebar.default\">\n\t\t\t\t<div class=\"elementor-widget-container\">\n\t\t\t\t\t<section id=\"block-7\" class=\"widget widget_block widget_text\"><div class=\"zita-widget-content\">\n<p><\/p>\n<\/div><\/section><section id=\"block-9\" class=\"widget widget_block\"><div class=\"zita-widget-content\">\n<div class=\"wp-block-ultimate-post-post-grid-parent ultp-post-grid-parent\" data-postid=\"\" data-grids=\"[{&quot;blockId&quot;:&quot;5806cf&quot;,&quot;name&quot;:&quot;ultimate-post_post-grid-2&quot;}]\" data-pagi=\"[]\"><div  class=\"ultp-post-grid-block wp-block-ultimate-post-post-grid-2 ultp-block-5806cf\"><div class=\"ultp-block-wrapper\"><div class=\"ultp-loading\"><div class=\"ultp-loading-blocks\" style=\"width:100%;height:100%;\"><div style=\"left: 0;top: 0;animation-delay:0s;\"><\/div><div style=\"left: 21px;top: 0;animation-delay:0.125s;\"><\/div><div style=\"left: 42px;top: 0;animation-delay:0.25s;\"><\/div><div style=\"left: 0;top: 21px;animation-delay:0.875s;\"><\/div><div style=\"left: 42px;top: 21px;animation-delay:0.375s;\"><\/div><div style=\"left: 0;top: 42px;animation-delay:0.75s;\"><\/div><div style=\"left: 42px;top: 42px;animation-delay:0.625s;\"><\/div><div style=\"left: 21px;top: 42px;animation-delay:0.5s;\"><\/div><\/div><\/div><div class=\"ultp-block-items-wrap ultp-block-row\"><section class=\"ultp-block-item post-id-15607\"><div class=\"ultp-block-content-wrap ultp-block-content-overlay\"><div class=\"ultp-block-image ultp-block-image-none\"><a href=\"https:\/\/inap.gob.gt\/web\/estado-mayor-de-la-defensa-nacional-fortalece-capacidades-en-administracion-publica\/\" ><img decoding=\"async\"  alt=\"Estado Mayor de la Defensa Nacional fortalece capacidades en Administraci\u00f3n p\u00fablica\"  src=\"https:\/\/inap.gob.gt\/web\/wp-content\/uploads\/2026\/04\/BANNER-MINI-ESTADO-MAYOR.jpg\" \/><\/a><\/div><div class=\"ultp-block-content ultp-block-content-bottomPosition\"><div class=\"ultp-block-content-inner\"><div class=\"ultp-block-readmore\"><a aria-label=\"Estado Mayor de la Defensa Nacional fortalece capacidades en Administraci\u00f3n p\u00fablica\" href=\"https:\/\/inap.gob.gt\/web\/estado-mayor-de-la-defensa-nacional-fortalece-capacidades-en-administracion-publica\/\" >Leer m\u00e1s<svg xmlns=\"http:\/\/www.w3.org\/2000\/svg\" fill=\"none\" viewBox=\"0 0 24 24\">\n  <path stroke=\"currentColor\" stroke-linecap=\"round\" stroke-linejoin=\"round\" stroke-width=\"1.5\" d=\"m12 20.5 8.5-8.5m0 0L12 3.5m8.5 8.5h-17\"\/>\n<\/svg>\n<\/a><\/div><\/div><\/div><\/div><\/section><section class=\"ultp-block-item post-id-15573\"><div class=\"ultp-block-content-wrap ultp-block-content-overlay\"><div class=\"ultp-block-image ultp-block-image-none\"><a href=\"https:\/\/inap.gob.gt\/web\/se-inicia-formacion-para-la-transformacion-digital-en-instituciones-del-ejecutivo\/\" ><img decoding=\"async\"  alt=\"Se inicia formaci\u00f3n para la transformaci\u00f3n digital en instituciones del Ejecutivo\"  src=\"https:\/\/inap.gob.gt\/web\/wp-content\/uploads\/2026\/04\/BANNER-MINI-LANZAMIENTO.jpg\" \/><\/a><\/div><div class=\"ultp-block-content ultp-block-content-bottomPosition\"><div class=\"ultp-block-content-inner\"><div class=\"ultp-block-readmore\"><a aria-label=\"Se inicia formaci\u00f3n para la transformaci\u00f3n digital en instituciones del Ejecutivo\" href=\"https:\/\/inap.gob.gt\/web\/se-inicia-formacion-para-la-transformacion-digital-en-instituciones-del-ejecutivo\/\" >Leer m\u00e1s<svg xmlns=\"http:\/\/www.w3.org\/2000\/svg\" fill=\"none\" viewBox=\"0 0 24 24\">\n  <path stroke=\"currentColor\" stroke-linecap=\"round\" stroke-linejoin=\"round\" stroke-width=\"1.5\" d=\"m12 20.5 8.5-8.5m0 0L12 3.5m8.5 8.5h-17\"\/>\n<\/svg>\n<\/a><\/div><\/div><\/div><\/div><\/section><section class=\"ultp-block-item post-id-15422\"><div class=\"ultp-block-content-wrap ultp-block-content-overlay\"><div class=\"ultp-block-image ultp-block-image-none\"><a href=\"https:\/\/inap.gob.gt\/web\/inap-presenta-su-oferta-academica-a-instituciones-del-estado\/\" ><img decoding=\"async\"  alt=\"INAP presenta su oferta acad\u00e9mica a instituciones del Estado\"  src=\"https:\/\/inap.gob.gt\/web\/wp-content\/uploads\/2026\/03\/BANNER-MINI-TALLER-PRESENTA-OFERTA.jpg\" \/><\/a><\/div><div class=\"ultp-block-content ultp-block-content-bottomPosition\"><div class=\"ultp-block-content-inner\"><div class=\"ultp-block-readmore\"><a aria-label=\"INAP presenta su oferta acad\u00e9mica a instituciones del Estado\" href=\"https:\/\/inap.gob.gt\/web\/inap-presenta-su-oferta-academica-a-instituciones-del-estado\/\" >Leer m\u00e1s<svg xmlns=\"http:\/\/www.w3.org\/2000\/svg\" fill=\"none\" viewBox=\"0 0 24 24\">\n  <path stroke=\"currentColor\" stroke-linecap=\"round\" stroke-linejoin=\"round\" stroke-width=\"1.5\" d=\"m12 20.5 8.5-8.5m0 0L12 3.5m8.5 8.5h-17\"\/>\n<\/svg>\n<\/a><\/div><\/div><\/div><\/div><\/section><\/div><\/div><div class=\"pagination-block-html\" aria-hidden=\"true\" style=\"display: none;\"><\/div><\/div><\/div>\n<\/div><\/section><section id=\"block-4\" class=\"widget widget_block\"><div class=\"zita-widget-content\">\n<div class=\"wp-block-group is-layout-flow wp-block-group-is-layout-flow\">\n<h2 class=\"wp-block-heading\">Comentarios recientes<\/h2>\n\n\n<div class=\"no-comments wp-block-latest-comments\">No hay comentarios que mostrar.<\/div><\/div>\n<\/div><\/section><section id=\"block-5\" class=\"widget widget_block\"><div class=\"zita-widget-content\">\n<div class=\"wp-block-group is-layout-flow wp-block-group-is-layout-flow\"><\/div>\n<\/div><\/section><section id=\"block-6\" class=\"widget widget_block\"><div class=\"zita-widget-content\">\n<div class=\"wp-block-group is-layout-flow wp-block-group-is-layout-flow\"><\/div>\n<\/div><\/section>\t\t\t\t<\/div>\n\t\t\t\t<\/div>\n\t\t\t\t\t<\/div>\n\t\t<\/div>\n\t\t\t\t\t<\/div>\n\t\t<\/section>\n\t\t<div class=\"elementor-element elementor-element-ef7985d e-flex e-con-boxed wpr-particle-no wpr-jarallax-no wpr-parallax-no wpr-sticky-section-no elementor-invisible e-con e-parent\" data-id=\"ef7985d\" data-element_type=\"container\" data-e-type=\"container\" data-settings=\"{&quot;background_background&quot;:&quot;classic&quot;,&quot;animation&quot;:&quot;fadeIn&quot;,&quot;animation_delay&quot;:1000}\">\n\t\t\t\t\t<div class=\"e-con-inner\">\n\t\t<div class=\"elementor-element elementor-element-2cd5e28 e-con-full e-flex wpr-particle-no wpr-jarallax-no wpr-parallax-no wpr-sticky-section-no e-con e-child\" data-id=\"2cd5e28\" data-element_type=\"container\" data-e-type=\"container\">\n\t\t\t\t<div class=\"elementor-element elementor-element-4657d30 elementor-invisible elementor-widget elementor-widget-image\" data-id=\"4657d30\" data-element_type=\"widget\" data-e-type=\"widget\" data-settings=\"{&quot;_animation&quot;:&quot;fadeInLeft&quot;,&quot;_animation_delay&quot;:1100}\" data-widget_type=\"image.default\">\n\t\t\t\t<div class=\"elementor-widget-container\">\n\t\t\t\t\t\t\t\t\t\t\t\t\t\t\t<img decoding=\"async\" width=\"300\" height=\"103\" src=\"https:\/\/inap.gob.gt\/web\/wp-content\/uploads\/2024\/05\/Instittuto-Nacional-de-Administracion-Publica-INAP-02-300x103.png\" class=\"attachment-medium size-medium wp-image-9192\" alt=\"\" srcset=\"https:\/\/inap.gob.gt\/web\/wp-content\/uploads\/2024\/05\/Instittuto-Nacional-de-Administracion-Publica-INAP-02-300x103.png 300w, https:\/\/inap.gob.gt\/web\/wp-content\/uploads\/2024\/05\/Instittuto-Nacional-de-Administracion-Publica-INAP-02-1024x351.png 1024w, https:\/\/inap.gob.gt\/web\/wp-content\/uploads\/2024\/05\/Instittuto-Nacional-de-Administracion-Publica-INAP-02-768x263.png 768w, https:\/\/inap.gob.gt\/web\/wp-content\/uploads\/2024\/05\/Instittuto-Nacional-de-Administracion-Publica-INAP-02.png 1459w\" sizes=\"(max-width: 300px) 100vw, 300px\" \/>\t\t\t\t\t\t\t\t\t\t\t\t\t\t\t<\/div>\n\t\t\t\t<\/div>\n\t\t\t\t<\/div>\n\t\t<div class=\"elementor-element elementor-element-953c89f e-con-full e-flex wpr-particle-no wpr-jarallax-no wpr-parallax-no wpr-sticky-section-no e-con e-child\" data-id=\"953c89f\" data-element_type=\"container\" data-e-type=\"container\">\n\t\t\t\t<div class=\"elementor-element elementor-element-243da3e elementor-invisible elementor-widget elementor-widget-image\" data-id=\"243da3e\" data-element_type=\"widget\" data-e-type=\"widget\" data-settings=\"{&quot;_animation&quot;:&quot;fadeInUp&quot;,&quot;_animation_delay&quot;:1100}\" data-widget_type=\"image.default\">\n\t\t\t\t<div class=\"elementor-widget-container\">\n\t\t\t\t\t\t\t\t\t\t\t\t\t\t\t<img loading=\"lazy\" decoding=\"async\" width=\"640\" height=\"542\" src=\"https:\/\/inap.gob.gt\/web\/wp-content\/uploads\/2024\/06\/EDIFICIO-1024x867.png\" class=\"attachment-large size-large wp-image-9930\" alt=\"\" srcset=\"https:\/\/inap.gob.gt\/web\/wp-content\/uploads\/2024\/06\/EDIFICIO-1024x867.png 1024w, https:\/\/inap.gob.gt\/web\/wp-content\/uploads\/2024\/06\/EDIFICIO-300x254.png 300w, https:\/\/inap.gob.gt\/web\/wp-content\/uploads\/2024\/06\/EDIFICIO-768x651.png 768w, https:\/\/inap.gob.gt\/web\/wp-content\/uploads\/2024\/06\/EDIFICIO.png 1275w\" sizes=\"(max-width: 640px) 100vw, 640px\" \/>\t\t\t\t\t\t\t\t\t\t\t\t\t\t\t<\/div>\n\t\t\t\t<\/div>\n\t\t\t\t<\/div>\n\t\t<div class=\"elementor-element elementor-element-1ca17d5 e-con-full e-flex wpr-particle-no wpr-jarallax-no wpr-parallax-no wpr-sticky-section-no e-con e-child\" data-id=\"1ca17d5\" data-element_type=\"container\" data-e-type=\"container\">\n\t\t\t\t<div class=\"elementor-element elementor-element-a3128d3 elementor-invisible elementor-widget elementor-widget-heading\" data-id=\"a3128d3\" data-element_type=\"widget\" data-e-type=\"widget\" data-settings=\"{&quot;_animation&quot;:&quot;fadeInRight&quot;,&quot;_animation_delay&quot;:1100}\" data-widget_type=\"heading.default\">\n\t\t\t\t<div class=\"elementor-widget-container\">\n\t\t\t\t\t<h1 class=\"elementor-heading-title elementor-size-default\">S\u00edguenos en:<\/h1>\t\t\t\t<\/div>\n\t\t\t\t<\/div>\n\t\t\t\t<div class=\"elementor-element elementor-element-0fd7596 e-grid-align-right elementor-shape-rounded elementor-grid-0 elementor-invisible elementor-widget elementor-widget-social-icons\" data-id=\"0fd7596\" data-element_type=\"widget\" data-e-type=\"widget\" data-settings=\"{&quot;_animation&quot;:&quot;fadeInRight&quot;,&quot;_animation_delay&quot;:1200}\" data-widget_type=\"social-icons.default\">\n\t\t\t\t<div class=\"elementor-widget-container\">\n\t\t\t\t\t\t\t<div class=\"elementor-social-icons-wrapper elementor-grid\" role=\"list\">\n\t\t\t\t\t\t\t<span class=\"elementor-grid-item\" role=\"listitem\">\n\t\t\t\t\t<a class=\"elementor-icon elementor-social-icon elementor-social-icon-facebook elementor-animation-grow elementor-repeater-item-721cbec\" href=\"https:\/\/www.facebook.com\/INAPGuatemalaCA\" target=\"_blank\">\n\t\t\t\t\t\t<span class=\"elementor-screen-only\">Facebook<\/span>\n\t\t\t\t\t\t<i aria-hidden=\"true\" class=\"fab fa-facebook\"><\/i>\t\t\t\t\t<\/a>\n\t\t\t\t<\/span>\n\t\t\t\t\t\t\t<span class=\"elementor-grid-item\" role=\"listitem\">\n\t\t\t\t\t<a class=\"elementor-icon elementor-social-icon elementor-social-icon-instagram elementor-animation-grow elementor-repeater-item-af90ef9\" href=\"https:\/\/www.instagram.com\/inapgt?igsh=MXZwOXQxcG1qam9hNQ==\" target=\"_blank\">\n\t\t\t\t\t\t<span class=\"elementor-screen-only\">Instagram<\/span>\n\t\t\t\t\t\t<i aria-hidden=\"true\" class=\"fab fa-instagram\"><\/i>\t\t\t\t\t<\/a>\n\t\t\t\t<\/span>\n\t\t\t\t\t\t\t<span class=\"elementor-grid-item\" role=\"listitem\">\n\t\t\t\t\t<a class=\"elementor-icon elementor-social-icon elementor-social-icon-x-twitter elementor-animation-grow elementor-repeater-item-0fac4ed\" href=\"https:\/\/x.com\/inapguatemala?s=21&#038;t=Z4r2WZsUwPC0vZzUh4PRAg\" target=\"_blank\">\n\t\t\t\t\t\t<span class=\"elementor-screen-only\">X-twitter<\/span>\n\t\t\t\t\t\t<i aria-hidden=\"true\" class=\"fab fa-x-twitter\"><\/i>\t\t\t\t\t<\/a>\n\t\t\t\t<\/span>\n\t\t\t\t\t\t\t<span class=\"elementor-grid-item\" role=\"listitem\">\n\t\t\t\t\t<a class=\"elementor-icon elementor-social-icon elementor-social-icon-youtube elementor-animation-grow elementor-repeater-item-f7b3005\" href=\"https:\/\/youtube.com\/@inapguatemalaca?si=jjcek0MG5st1XKAe\" target=\"_blank\">\n\t\t\t\t\t\t<span class=\"elementor-screen-only\">Youtube<\/span>\n\t\t\t\t\t\t<i aria-hidden=\"true\" class=\"fab fa-youtube\"><\/i>\t\t\t\t\t<\/a>\n\t\t\t\t<\/span>\n\t\t\t\t\t\t\t<span class=\"elementor-grid-item\" role=\"listitem\">\n\t\t\t\t\t<a class=\"elementor-icon elementor-social-icon elementor-social-icon-spotify elementor-animation-grow elementor-repeater-item-eb9b224\" href=\"https:\/\/open.spotify.com\/show\/0pTao6IUeaSi2qkW50x5JB?si=c0a940b1cc9c41e2\" target=\"_blank\">\n\t\t\t\t\t\t<span class=\"elementor-screen-only\">Spotify<\/span>\n\t\t\t\t\t\t<i aria-hidden=\"true\" class=\"fab fa-spotify\"><\/i>\t\t\t\t\t<\/a>\n\t\t\t\t<\/span>\n\t\t\t\t\t\t\t<span class=\"elementor-grid-item\" role=\"listitem\">\n\t\t\t\t\t<a class=\"elementor-icon elementor-social-icon elementor-social-icon-linkedin elementor-animation-grow elementor-repeater-item-c70efc8\" href=\"https:\/\/gt.linkedin.com\/company\/inap-gt\" target=\"_blank\">\n\t\t\t\t\t\t<span class=\"elementor-screen-only\">Linkedin<\/span>\n\t\t\t\t\t\t<i aria-hidden=\"true\" class=\"fab fa-linkedin\"><\/i>\t\t\t\t\t<\/a>\n\t\t\t\t<\/span>\n\t\t\t\t\t\t\t<span class=\"elementor-grid-item\" role=\"listitem\">\n\t\t\t\t\t<a class=\"elementor-icon elementor-social-icon elementor-social-icon-tiktok elementor-animation-grow elementor-repeater-item-6f08823\" href=\"https:\/\/www.tiktok.com\/@inapguatemala?_t=8pbyxV0yj9a&#038;_r=1\" target=\"_blank\">\n\t\t\t\t\t\t<span class=\"elementor-screen-only\">Tiktok<\/span>\n\t\t\t\t\t\t<i aria-hidden=\"true\" class=\"fab fa-tiktok\"><\/i>\t\t\t\t\t<\/a>\n\t\t\t\t<\/span>\n\t\t\t\t\t<\/div>\n\t\t\t\t\t\t<\/div>\n\t\t\t\t<\/div>\n\t\t\t\t<div class=\"elementor-element elementor-element-66915d9 elementor-align-end elementor-icon-list--layout-traditional elementor-list-item-link-full_width elementor-invisible elementor-widget elementor-widget-icon-list\" data-id=\"66915d9\" data-element_type=\"widget\" data-e-type=\"widget\" data-settings=\"{&quot;_animation&quot;:&quot;fadeInRight&quot;,&quot;_animation_delay&quot;:1300}\" data-widget_type=\"icon-list.default\">\n\t\t\t\t<div class=\"elementor-widget-container\">\n\t\t\t\t\t\t\t<ul class=\"elementor-icon-list-items\">\n\t\t\t\t\t\t\t<li class=\"elementor-icon-list-item\">\n\t\t\t\t\t\t\t\t\t\t\t<span class=\"elementor-icon-list-icon\">\n\t\t\t\t\t\t\t<i aria-hidden=\"true\" class=\"fas fa-map-marker-alt\"><\/i>\t\t\t\t\t\t<\/span>\n\t\t\t\t\t\t\t\t\t\t<span class=\"elementor-icon-list-text\">Boulevard los pr\u00f3ceres 16-40 zona 10,<\/span>\n\t\t\t\t\t\t\t\t\t<\/li>\n\t\t\t\t\t\t\t\t<li class=\"elementor-icon-list-item\">\n\t\t\t\t\t\t\t\t\t\t<span class=\"elementor-icon-list-text\">Ciudad de Guatemala, Guatemala C.A.<\/span>\n\t\t\t\t\t\t\t\t\t<\/li>\n\t\t\t\t\t\t<\/ul>\n\t\t\t\t\t\t<\/div>\n\t\t\t\t<\/div>\n\t\t\t\t<div class=\"elementor-element elementor-element-e301e11 elementor-invisible elementor-widget elementor-widget-text-editor\" data-id=\"e301e11\" data-element_type=\"widget\" data-e-type=\"widget\" data-settings=\"{&quot;_animation&quot;:&quot;fadeInRight&quot;,&quot;_animation_delay&quot;:1400}\" data-widget_type=\"text-editor.default\">\n\t\t\t\t<div class=\"elementor-widget-container\">\n\t\t\t\t\t\t\t\t\t<p style=\"text-align: right;\">  <i class=\"fa fa-volume-control-phone\" aria-hidden=\"true\"><\/i> 1559\u00a0 \u00a0<i class=\"fa fa-whatsapp\" aria-hidden=\"true\"><\/i> \n 2419-8181<\/p>\t\t\t\t\t\t\t\t<\/div>\n\t\t\t\t<\/div>\n\t\t\t\t<\/div>\n\t\t\t\t\t<\/div>\n\t\t\t\t<\/div>\n\t\t\t\t<\/div>\n\t\t","protected":false},"excerpt":{"rendered":"<p>Guatemala 21\/11\/2024\u00a0Este d\u00eda personal de la Secretar\u00eda de Comunicaci\u00f3n Social de la Presidencia (SCSP), particip\u00f3 en el taller especializado sobre \u00c9tica P\u00fablica, impartido por el Instituto Nacional de Administraci\u00f3n P\u00fablica (INAP).\u00a0La capacitaci\u00f3n, que reuni\u00f3 a 40 participantes, entre servidores y funcionarios p\u00fablicos, sensibiliz\u00f3 sobre la importancia de la \u00e9tica en el ejercicio de la funci\u00f3n p\u00fablica, promoviendo el desarrollo de valores y comportamientos que garanticen una gesti\u00f3n p\u00fablica transparente, eficiente y responsable.\u00a0En el taller se destac\u00f3 que la \u00e9tica p\u00fablica es un pilar fundamental para fortalecer la confianza de la ciudadan\u00eda en las instituciones gubernamentales, aunado a que los principios \u00e9ticos influyen directamente en la toma de decisiones, el manejo de los recursos p\u00fablicos y la relaci\u00f3n de los funcionarios con los ciudadanos.\u00a0 Adem\u00e1s, se indic\u00f3 que la \u00e9tica p\u00fablica es clave para prevenir la corrupci\u00f3n, promover la rendici\u00f3n de cuentas y garantizar la eficacia de las pol\u00edticas p\u00fablicas. En este sentido, el INAP busca que los servidores p\u00fablicos adquieran herramientas que les permitan actuar con transparencia y responsabilidad, generando una administraci\u00f3n m\u00e1s eficiente y confiable para la ciudadan\u00eda.\u00a0Este tipo de formaciones refuerzan el compromiso del gobierno de Guatemala con una gesti\u00f3n p\u00fablica m\u00e1s transparente y alineada con los principios de integridad y justicia. Aplicar los valores \u00e9ticos no solo mejora la imagen institucional, sino que tambi\u00e9n asegura que las decisiones gubernamentales se tomen con los m\u00e1s altos est\u00e1ndares de probidad y en beneficio del bienestar com\u00fan. S\u00edguenos en: Facebook Instagram X-twitter Youtube Spotify Linkedin Tiktok Boulevard los pr\u00f3ceres 16-40 zona 10, Ciudad de Guatemala, Guatemala C.A. 1559\u00a0 \u00a0 2419-8181<\/p>\n","protected":false},"author":6,"featured_media":12676,"comment_status":"open","ping_status":"open","sticky":false,"template":"elementor_header_footer","format":"standard","meta":{"_view_id":"","_EventAllDay":false,"_EventTimezone":"","_EventStartDate":"","_EventEndDate":"","_EventStartDateUTC":"","_EventEndDateUTC":"","_EventShowMap":false,"_EventShowMapLink":false,"_EventURL":"","_EventCost":"","_EventCostDescription":"","_EventCurrencySymbol":"","_EventCurrencyCode":"","_EventCurrencyPosition":"","_EventDateTimeSeparator":"","_EventTimeRangeSeparator":"","_EventOrganizerID":[],"_EventVenueID":[],"_OrganizerEmail":"","_OrganizerPhone":"","_OrganizerWebsite":"","_VenueAddress":"","_VenueCity":"","_VenueCountry":"","_VenueProvince":"","_VenueState":"","_VenueZip":"","_VenuePhone":"","_VenueURL":"","_VenueStateProvince":"","_VenueLat":"","_VenueLng":"","_VenueShowMap":false,"_VenueShowMapLink":false,"footnotes":""},"categories":[23,22,5,20,24],"tags":[],"class_list":["post-12687","post","type-post","status-publish","format-standard","has-post-thumbnail","hentry","category-agosto-2","category-julio-2","category-noticias","category-principal","category-septiembre-2"],"aioseo_notices":[],"rise-blocks_total_comments":0,"rise-blocks_categories":[{"term_id":23,"name":"Agosto","slug":"agosto-2","term_group":0,"term_taxonomy_id":23,"taxonomy":"category","description":"","parent":0,"count":32,"filter":"raw","cat_ID":23,"category_count":32,"category_description":"","cat_name":"Agosto","category_nicename":"agosto-2","category_parent":0},{"term_id":22,"name":"Julio","slug":"julio-2","term_group":0,"term_taxonomy_id":22,"taxonomy":"category","description":"","parent":0,"count":32,"filter":"raw","cat_ID":22,"category_count":32,"category_description":"","cat_name":"Julio","category_nicename":"julio-2","category_parent":0},{"term_id":5,"name":"Noticias","slug":"noticias","term_group":0,"term_taxonomy_id":5,"taxonomy":"category","description":"","parent":0,"count":70,"filter":"raw","cat_ID":5,"category_count":70,"category_description":"","cat_name":"Noticias","category_nicename":"noticias","category_parent":0},{"term_id":20,"name":"Principal","slug":"principal","term_group":0,"term_taxonomy_id":20,"taxonomy":"category","description":"","parent":0,"count":70,"filter":"raw","cat_ID":20,"category_count":70,"category_description":"","cat_name":"Principal","category_nicename":"principal","category_parent":0},{"term_id":24,"name":"septiembre","slug":"septiembre-2","term_group":0,"term_taxonomy_id":24,"taxonomy":"category","description":"","parent":0,"count":23,"filter":"raw","cat_ID":24,"category_count":23,"category_description":"","cat_name":"septiembre","category_nicename":"septiembre-2","category_parent":0}],"rise-blocks_excerpt":"Guatemala 21\/11\/2024\u00a0Este d\u00eda personal de la Secretar\u00eda de Comunicaci\u00f3n Social de la Presidencia (SCSP), particip\u00f3 en el taller especializado sobre \u00c9tica P\u00fablica, impartido por el Instituto Nacional de Administraci\u00f3n P\u00fablica (INAP).\u00a0La capacitaci\u00f3n, que reuni\u00f3 a 40 participantes, entre servidores y funcionarios p\u00fablicos, sensibiliz\u00f3 sobre la importancia de la \u00e9tica en el ejercicio de la funci\u00f3n p\u00fablica, promoviendo el desarrollo de..","views":2295,"_links":{"self":[{"href":"https:\/\/inap.gob.gt\/web\/wp-json\/wp\/v2\/posts\/12687","targetHints":{"allow":["GET"]}}],"collection":[{"href":"https:\/\/inap.gob.gt\/web\/wp-json\/wp\/v2\/posts"}],"about":[{"href":"https:\/\/inap.gob.gt\/web\/wp-json\/wp\/v2\/types\/post"}],"author":[{"embeddable":true,"href":"https:\/\/inap.gob.gt\/web\/wp-json\/wp\/v2\/users\/6"}],"replies":[{"embeddable":true,"href":"https:\/\/inap.gob.gt\/web\/wp-json\/wp\/v2\/comments?post=12687"}],"version-history":[{"count":3,"href":"https:\/\/inap.gob.gt\/web\/wp-json\/wp\/v2\/posts\/12687\/revisions"}],"predecessor-version":[{"id":12690,"href":"https:\/\/inap.gob.gt\/web\/wp-json\/wp\/v2\/posts\/12687\/revisions\/12690"}],"wp:featuredmedia":[{"embeddable":true,"href":"https:\/\/inap.gob.gt\/web\/wp-json\/wp\/v2\/media\/12676"}],"wp:attachment":[{"href":"https:\/\/inap.gob.gt\/web\/wp-json\/wp\/v2\/media?parent=12687"}],"wp:term":[{"taxonomy":"category","embeddable":true,"href":"https:\/\/inap.gob.gt\/web\/wp-json\/wp\/v2\/categories?post=12687"},{"taxonomy":"post_tag","embeddable":true,"href":"https:\/\/inap.gob.gt\/web\/wp-json\/wp\/v2\/tags?post=12687"}],"curies":[{"name":"wp","href":"https:\/\/api.w.org\/{rel}","templated":true}]}}